{"id":315000,"date":"2025-08-12T23:20:11","date_gmt":"2025-08-12T23:20:11","guid":{"rendered":"https:\/\/www.europesays.com\/fr\/315000\/"},"modified":"2025-08-12T23:20:11","modified_gmt":"2025-08-12T23:20:11","slug":"previsions-du-mercredi-13-aout-2025","status":"publish","type":"post","link":"https:\/\/www.europesays.com\/fr\/315000\/","title":{"rendered":"pr\u00e9visions du mercredi 13 ao\u00fbt 2025"},"content":{"rendered":"<p>Le soleil sera au rendez-vous \u00e0 Montpellier : une belle journ\u00e9e se pr\u00e9sente ! Les temp\u00e9ratures s&rsquo;\u00e9chelonneront de 22 \u00e0 31\u00b0C. Le matin, de tr\u00e8s grosses chaleurs (entre 24\u00b0C et 31\u00b0C) sont pr\u00e9vues. Un vent de sud-est rafra\u00eechira un peu l&rsquo;atmosph\u00e8re. L&rsquo;apr\u00e8s-midi va se trouver tr\u00e8s chaud : jusqu&rsquo;\u00e0 31\u00b0C. Les valeurs afficheront entre 28 et 31\u00b0C. Il va faire 26\u00b0C en moyenne le soir. Durant la nuit de mercredi \u00e0 jeudi, le ciel sera clair.<\/p>\n<p>La m\u00e9t\u00e9o va se r\u00e9chauffer demain \u00e0 Montpellier avec une augmentation de quelques degr\u00e9s. La ville va p\u00e2tir d&rsquo;importantes chaleurs avec des temp\u00e9ratures qui pourraient monter \u00e0 32\u00b0C. Les valeurs seront comprises entre 23 et 32\u00b0C. Un petit vent de nord-ouest sera ressenti par les habitants. Un bel ensoleillement est attendu le matin. Les temp\u00e9ratures \u00e9volueront entre 24 et 31\u2009\u00b0C. Malheureusement, il y aura encore des nuages demain apr\u00e8s-midi. Il faudra pr\u00e9voir des perturbations, les Montpelli\u00e9rains se retrouveront sous des pluies \u00e9parses. Les fortes chaleurs sont pr\u00e9sentes. Avec des valeurs \u00e9chelonn\u00e9es entre 24 et 32\u00b0C. Les maximales iront jusqu&rsquo;\u00e0 32\u00b0C et les minimales seront de 24\u00b0C. La m\u00e9t\u00e9o devrait s&rsquo;am\u00e9liorer pendant la soir\u00e9e.<\/p>\n<p>Les jours s&rsquo;encha\u00eenent et ne changent pas. Comptez sur 34\u00b0C en moyenne qui accompagneront des journ\u00e9es ensoleill\u00e9es.<\/p>\n<p><\/p>\n","protected":false},"excerpt":{"rendered":"Le soleil sera au rendez-vous \u00e0 Montpellier : une belle journ\u00e9e se pr\u00e9sente ! Les temp\u00e9ratures s&rsquo;\u00e9chelonneront de&hellip;\n","protected":false},"author":2,"featured_media":315001,"comment_status":"","ping_status":"","sticky":false,"template":"","format":"standard","meta":{"footnotes":""},"categories":[9599],"tags":[1111,11,1777,674,1011,27,7089,2681,2208,12,2680,2119,25],"class_list":{"0":"post-315000","1":"post","2":"type-post","3":"status-publish","4":"format-standard","5":"has-post-thumbnail","7":"category-montpellier","8":"tag-actu","9":"tag-actualites","10":"tag-eu","11":"tag-europe","12":"tag-fr","13":"tag-france","14":"tag-herault","15":"tag-languedoc-roussillon","16":"tag-montpellier","17":"tag-news","18":"tag-occitanie","19":"tag-previsions-meteo","20":"tag-republique-francaise"},"share_on_mastodon":{"url":"https:\/\/pubeurope.com\/@fr\/115018361990255655","error":""},"_links":{"self":[{"href":"https:\/\/www.europesays.com\/fr\/wp-json\/wp\/v2\/posts\/315000","targetHints":{"allow":["GET"]}}],"collection":[{"href":"https:\/\/www.europesays.com\/fr\/wp-json\/wp\/v2\/posts"}],"about":[{"href":"https:\/\/www.europesays.com\/fr\/wp-json\/wp\/v2\/types\/post"}],"author":[{"embeddable":true,"href":"https:\/\/www.europesays.com\/fr\/wp-json\/wp\/v2\/users\/2"}],"replies":[{"embeddable":true,"href":"https:\/\/www.europesays.com\/fr\/wp-json\/wp\/v2\/comments?post=315000"}],"version-history":[{"count":0,"href":"https:\/\/www.europesays.com\/fr\/wp-json\/wp\/v2\/posts\/315000\/revisions"}],"wp:featuredmedia":[{"embeddable":true,"href":"https:\/\/www.europesays.com\/fr\/wp-json\/wp\/v2\/media\/315001"}],"wp:attachment":[{"href":"https:\/\/www.europesays.com\/fr\/wp-json\/wp\/v2\/media?parent=315000"}],"wp:term":[{"taxonomy":"category","embeddable":true,"href":"https:\/\/www.europesays.com\/fr\/wp-json\/wp\/v2\/categories?post=315000"},{"taxonomy":"post_tag","embeddable":true,"href":"https:\/\/www.europesays.com\/fr\/wp-json\/wp\/v2\/tags?post=315000"}],"curies":[{"name":"wp","href":"https:\/\/api.w.org\/{rel}","templated":true}]}}