{"id":315002,"date":"2025-08-12T23:21:10","date_gmt":"2025-08-12T23:21:10","guid":{"rendered":"https:\/\/www.europesays.com\/fr\/315002\/"},"modified":"2025-08-12T23:21:10","modified_gmt":"2025-08-12T23:21:10","slug":"paix-emploi-et-union-de-la-gauche-au-coeur-des-debats","status":"publish","type":"post","link":"https:\/\/www.europesays.com\/fr\/315002\/","title":{"rendered":"paix, emploi et union de la gauche au c\u0153ur des d\u00e9bats"},"content":{"rendered":"\n<p>Pour la seconde ann\u00e9e cons\u00e9cutive, les universit\u00e9s d\u2019\u00e9t\u00e9 du PCF se tiendront au Corum de Montpellier du 22 au 24\u00a0ao\u00fbt. Un week-end festif (repas, soir\u00e9es musicales) mais aussi engag\u00e9 pour les militants communistes qui pr\u00e9parent une rentr\u00e9e qui s\u2019annonce muscl\u00e9e.<\/p>\n<p>\u00ab\u00a0Je vois un triple enjeu \u00e0 ce rendez-vous majeur qui nous permet de renouveler notre soutien au maire Micha\u00ebl Delafosse (PS)\u00a0\u00bb, r\u00e9sume Pierre Lacaze, responsable des \u00e9lections au PCF. \u00ab\u00a0L\u2019engagement du parti pour la paix, notre campagne pour d\u00e9fendre l\u2019emploi, le rassemblement et le projet politique de la gauche aux prochaines \u00e9lections.\u00a0\u00bb<\/p>\n<p>Si le d\u00e9tail des tables rondes ne sera officialis\u00e9 que peu avant le 15\u00a0ao\u00fbt, la situation internationale et le contexte dramatique des guerres (Ukraine, Gaza&#8230;) sera d\u00e9battu. \u00ab\u00a0Il faut s\u2019appuyer sur l\u2019initiative de Fabien Roussel [il s\u2019\u00e9tait rendu en 2024 en Isra\u00ebl et Palestine], travailler \u00e0 la paix avec les autres peuples et voir comment avec l\u2019Organisation de lib\u00e9ration de la Palestine, le PCF s\u2019inscrit dans une solution \u00e0 deux \u00c9tats.\u00a0\u00bb<\/p>\n<p>Le vice-pr\u00e9sident PCF au Conseil r\u00e9gional qui d\u00e9nonce l\u2019accord commercial entre l\u2019Europe et les USA de Donald Trump se dit par ailleurs inquiet de la rentr\u00e9e sociale. \u00ab\u00a0Il y a un risque de r\u00e9cession avec des plans de licenciement possibles.\u00a0\u00bb D\u2019autant que le gouvernement Bayrou joue la carte de l\u2019aust\u00e9rit\u00e9. \u00ab\u00a0Je suis pr\u00e9occup\u00e9 au sujet des suppressions de postes dans les services publics, la sant\u00e9, la culture et l\u2019industrie\u00a0\u00bb, confie Pierre Lacaze. Selon lui, le PCF devrait lancer une campagne pour l\u2019emploi et la r\u00e9industrialisation du pays.<\/p>\n<p>Enfin, il s\u2019agira de pr\u00e9parer les futures \u00e9ch\u00e9ances \u00e9lectorales. D\u2019abord les municipales de mars 2026. Pierre Lacaze pr\u00f4ne le rassemblement \u00e0 gauche sur une nouvelle base, plus \u00ab\u00a0respectueuse\u00a0\u00bb que celle du Nouveau front populaire (NFP) \u00ab\u00a0dont le PS et LFI ont act\u00e9 la fin\u00a0\u00bb. Or, \u00ab\u00a0LFI cherche plus \u00e0 montrer les muscles qu\u2019\u00e0 s\u2019engager avec les majorit\u00e9s sortantes\u00a0\u00bb, d\u00e9plore-t-il. \u00ab\u00a0On va voir les messages qui sortent des diff\u00e9rentes universit\u00e9s d\u2019\u00e9t\u00e9 mais j\u2019ai l\u2019impression que LFI pr\u00e9pare 2027 pour M\u00e9lenchon\u00a0\u00bb, analyse le communiste.<\/p>\n<p>Pour lui, le programme, le respect des partis et des territoires sera essentiel pour l\u2019avenir. \u00ab\u00a0On se pr\u00e9pare en cas de dissolution \u00e0 pr\u00e9senter plus de candidats communistes avec des accords sur une autre base que 2022 ou 2024. LFI devra faire un effort.\u00a0\u00bb Et de pr\u00e9venir\u00a0: \u00ab\u00a0On ne regagnera pas une \u00e9lection \u00e0 50,1% uniquement avec les villes, sans s\u2019attaquer aux fractures du pays.\u00a0\u00bb<\/p>\n","protected":false},"excerpt":{"rendered":"Pour la seconde ann\u00e9e cons\u00e9cutive, les universit\u00e9s d\u2019\u00e9t\u00e9 du PCF se tiendront au Corum de Montpellier du 22&hellip;\n","protected":false},"author":2,"featured_media":315003,"comment_status":"","ping_status":"","sticky":false,"template":"","format":"standard","meta":{"footnotes":""},"categories":[9599],"tags":[1111,11,1777,674,1011,27,37307,2208,12,2680,25],"class_list":{"0":"post-315002","1":"post","2":"type-post","3":"status-publish","4":"format-standard","5":"has-post-thumbnail","7":"category-montpellier","8":"tag-actu","9":"tag-actualites","10":"tag-eu","11":"tag-europe","12":"tag-fr","13":"tag-france","14":"tag-guerres","15":"tag-montpellier","16":"tag-news","17":"tag-occitanie","18":"tag-republique-francaise"},"share_on_mastodon":{"url":"https:\/\/pubeurope.com\/@fr\/115018365817991695","error":""},"_links":{"self":[{"href":"https:\/\/www.europesays.com\/fr\/wp-json\/wp\/v2\/posts\/315002","targetHints":{"allow":["GET"]}}],"collection":[{"href":"https:\/\/www.europesays.com\/fr\/wp-json\/wp\/v2\/posts"}],"about":[{"href":"https:\/\/www.europesays.com\/fr\/wp-json\/wp\/v2\/types\/post"}],"author":[{"embeddable":true,"href":"https:\/\/www.europesays.com\/fr\/wp-json\/wp\/v2\/users\/2"}],"replies":[{"embeddable":true,"href":"https:\/\/www.europesays.com\/fr\/wp-json\/wp\/v2\/comments?post=315002"}],"version-history":[{"count":0,"href":"https:\/\/www.europesays.com\/fr\/wp-json\/wp\/v2\/posts\/315002\/revisions"}],"wp:featuredmedia":[{"embeddable":true,"href":"https:\/\/www.europesays.com\/fr\/wp-json\/wp\/v2\/media\/315003"}],"wp:attachment":[{"href":"https:\/\/www.europesays.com\/fr\/wp-json\/wp\/v2\/media?parent=315002"}],"wp:term":[{"taxonomy":"category","embeddable":true,"href":"https:\/\/www.europesays.com\/fr\/wp-json\/wp\/v2\/categories?post=315002"},{"taxonomy":"post_tag","embeddable":true,"href":"https:\/\/www.europesays.com\/fr\/wp-json\/wp\/v2\/tags?post=315002"}],"curies":[{"name":"wp","href":"https:\/\/api.w.org\/{rel}","templated":true}]}}