{"id":315004,"date":"2025-08-12T23:27:31","date_gmt":"2025-08-12T23:27:31","guid":{"rendered":"https:\/\/www.europesays.com\/fr\/315004\/"},"modified":"2025-08-12T23:27:31","modified_gmt":"2025-08-12T23:27:31","slug":"jenvie-les-bretons-la-canicule-difficilement-supportable-dans-les-quartiers-a-grenoble","status":"publish","type":"post","link":"https:\/\/www.europesays.com\/fr\/315004\/","title":{"rendered":"\u00ab\u00a0J&rsquo;envie les Bretons\u00a0\u00bb : la canicule difficilement supportable dans les quartiers \u00e0 Grenoble"},"content":{"rendered":"<p>   <img decoding=\"async\" src=\"https:\/\/www.europesays.com\/fr\/wp-content\/uploads\/2025\/08\/1755041251_412_1200x680_sc_whatsapp-image-2025-08-11-at-18-39-16.jpg\" alt=\"illustration agrandir l'image\" style=\"--_image-preview:url('data:image\/jpeg;base64,\/9j\/2wBDACgcHiMeGSgjISMtKygwPGRBPDc3PHtYXUlkkYCZlo+AjIqgtObDoKrarYqMyP\/L2u71\/\/\/\/m8H\/\/\/\/6\/+b9\/\/j\/2wBDASstLTw1PHZBQXb4pYyl+Pj4+Pj4+Pj4+Pj4+Pj4+Pj4+Pj4+Pj4+Pj4+Pj4+Pj4+Pj4+Pj4+Pj4+Pj4+Pj4+Pj\/wAARCAAqACoDASIAAhEBAxEB\/8QAFwAAAwEAAAAAAAAAAAAAAAAAAAECA\/\/EABgQAQEBAQEAAAAAAAAAAAAAAAARARIC\/8QAFwEBAQEBAAAAAAAAAAAAAAAAAAEDAv\/EABYRAQEBAAAAAAAAAAAAAAAAAAAREv\/aAAwDAQACEQMRAD8A2IqW62rKKKp30nopF0qjodJpYdLdIM66g3So0kpBSoghVaQRQQTCiwCIIsA\/\/9k=');\" loading=\"eager\" fetchpriority=\"high\" aria-hidden=\"true\" class=\"svelte-1pnmlwx rounded\" onload=\"this.__e=event\" onerror=\"this.__e=event\"\/> Terrain de sport d\u00e9sert pendant la canicule \u00e0 Grenoble. \u00a9 Radio France &#8211; Julien Balidas    <\/p>\n<p class=\"g-ici-body-regular-3 info svelte-1a514ib\">Diffus\u00e9 le mardi 12 ao\u00fbt 2025 \u00e0 7:31 <\/p>\n<p class=\"g-ici-body-regular-3 info svelte-1a514ib\">Publi\u00e9 le mardi 12 ao\u00fbt 2025 \u00e0 7:31 <\/p>\n<p class=\"g-ici-body-bold-1 standFirst svelte-g22axr\">Le d\u00e9partement de l&rsquo;Is\u00e8re passe en vigilance rouge canicule ce mardi 11 ao\u00fbt \u00e0 partir de midi. Une chaleur parfois difficilement supportable, surtout en ville et dans les quartiers de Grenoble.<\/p>\n<p>Le d\u00e9partement de l&rsquo;Is\u00e8re passe en vigilance rouge canicule ce mardi 11 ao\u00fbt \u00e0 partir de midi. Au total, 16 d\u00e9partements se trouveront dans cette situation ce mardi, notamment la Dr\u00f4me, le Rh\u00f4ne et l&rsquo;Ard\u00e8che ainsi que des d\u00e9partements du Sud-Ouest. Le thermom\u00e8tre va flirter voire d\u00e9passer par endroits les 40 degr\u00e9s. Une chaleur \u00e9touffante et parfois difficilement supportable notamment pour ceux qui habitent dans les quartiers de l&rsquo;agglom\u00e9ration grenobloise.<\/p>\n<ul class=\"SocialNetworks svelte-bt5901\">\n<li class=\"svelte-bt5901\"><\/li>\n<li class=\"svelte-bt5901\"><\/li>\n<li class=\"svelte-bt5901\"><\/li>\n<li class=\"svelte-bt5901\"><\/li>\n<li class=\"svelte-bt5901\"><\/li>\n<\/ul>\n<p class=\"g-ici-body-regular-3 description svelte-1vha4t1\">Tous les vendredis, recevez le meilleur de la semaine d\u2019ici Is\u00e8re\u00a0: certifi\u00e9 100% local\u00a0!<\/p>\n<p>En cliquant sur \u00ab\u00a0S\u2019abonner\u00a0\u00bb, j&rsquo;accepte que les donn\u00e9es recueillies par<br \/>\n        Radio France soient destin\u00e9es \u00e0 l&rsquo;envoi par courrier \u00e9lectronique de<br \/>\n        contenus et d&rsquo;informations relatifs aux programmes. Plus d&rsquo;informations.<\/p>\n<p>Les \u00e9pisodes de l\u2019\u00e9mission\u00a0: L&rsquo;info d&rsquo;ici \u00e0 7h30, ici Is\u00e8re<\/p>\n<p>Sur le m\u00eame th\u00e8me<\/p>\n<ul slot=\"container\" class=\"content svelte-bu824\">\n<li class=\"IciCard  standard svelte-nksync\">\n<p class=\"standfirst g-ici-body-regular-2 svelte-nksync\">Le d\u00e9partement de l&rsquo;Is\u00e8re a \u00e9t\u00e9 accabl\u00e9 par la chaleur ce mardi 12 ao\u00fbt, plac\u00e9 en vigilance rouge \u00e0 la canicule par M\u00e9t\u00e9o-France. La barre des 40 degr\u00e9s \u00e0 l&rsquo;ombre a \u00e9t\u00e9 franchie dans plusieurs secteurs. <\/p>\n<\/li>\n<li class=\"IciCard  standard svelte-nksync\">\n<p class=\"standfirst g-ici-body-regular-2 svelte-nksync\">Obligations des employeurs en cas de canicule, interdiction de fumer dans les lieux publics en pr\u00e9sence d&rsquo;enfants, tarif du gaz, allocations ch\u00f4mage, arr\u00eats maladies\u00a0: plusieurs changements entrent en vigueur \u00e0 partir de ce mardi 1er juillet 2025. ICI fait le point.<\/p>\n<\/li>\n<li class=\"IciCard  standard svelte-nksync\">\n<p class=\"standfirst g-ici-body-regular-2 svelte-nksync\">M\u00e9t\u00e9o-France place 12 d\u00e9partements du Centre et de l&rsquo;\u00cele-de-France en vigilance orange aux orages, \u00e0 partir de 18h ce mardi, selon son dernier bulletin d&rsquo;information qui \u00e9tend la vigilance au Cher. Par ailleurs, 45 d\u00e9partements de la moiti\u00e9 sud du pays sont en vigilance orange canicule. <\/p>\n<\/li>\n<li class=\"IciCard  standard svelte-nksync\">\n<p class=\"standfirst g-ici-body-regular-2 svelte-nksync\">La France transpire sous la canicule : samedi 4 ao\u00fbt a m\u00eame \u00e9t\u00e9 la journ\u00e9e la plus chaude depuis la canicule de 2003, selon M\u00e9t\u00e9o France. Il faut prendre de la hauteur pour respirer un peu : en ce moment le col de Porte, en Is\u00e8re, est victime de son succ\u00e8s : 25 degr\u00e9s au lieu de 35&#8230;<\/p>\n<\/li>\n<\/ul>\n","protected":false},"excerpt":{"rendered":"Terrain de sport d\u00e9sert pendant la canicule \u00e0 Grenoble. \u00a9 Radio France &#8211; Julien Balidas Diffus\u00e9 le mardi&hellip;\n","protected":false},"author":2,"featured_media":315005,"comment_status":"","ping_status":"","sticky":false,"template":"","format":"standard","meta":{"footnotes":""},"categories":[9566],"tags":[1111,11,2430,1777,674,1011,27,2731,12,25],"class_list":{"0":"post-315004","1":"post","2":"type-post","3":"status-publish","4":"format-standard","5":"has-post-thumbnail","7":"category-grenoble","8":"tag-actu","9":"tag-actualites","10":"tag-auvergne-rhone-alpes","11":"tag-eu","12":"tag-europe","13":"tag-fr","14":"tag-france","15":"tag-grenoble","16":"tag-news","17":"tag-republique-francaise"},"share_on_mastodon":{"url":"https:\/\/pubeurope.com\/@fr\/115018389779740604","error":""},"_links":{"self":[{"href":"https:\/\/www.europesays.com\/fr\/wp-json\/wp\/v2\/posts\/315004","targetHints":{"allow":["GET"]}}],"collection":[{"href":"https:\/\/www.europesays.com\/fr\/wp-json\/wp\/v2\/posts"}],"about":[{"href":"https:\/\/www.europesays.com\/fr\/wp-json\/wp\/v2\/types\/post"}],"author":[{"embeddable":true,"href":"https:\/\/www.europesays.com\/fr\/wp-json\/wp\/v2\/users\/2"}],"replies":[{"embeddable":true,"href":"https:\/\/www.europesays.com\/fr\/wp-json\/wp\/v2\/comments?post=315004"}],"version-history":[{"count":0,"href":"https:\/\/www.europesays.com\/fr\/wp-json\/wp\/v2\/posts\/315004\/revisions"}],"wp:featuredmedia":[{"embeddable":true,"href":"https:\/\/www.europesays.com\/fr\/wp-json\/wp\/v2\/media\/315005"}],"wp:attachment":[{"href":"https:\/\/www.europesays.com\/fr\/wp-json\/wp\/v2\/media?parent=315004"}],"wp:term":[{"taxonomy":"category","embeddable":true,"href":"https:\/\/www.europesays.com\/fr\/wp-json\/wp\/v2\/categories?post=315004"},{"taxonomy":"post_tag","embeddable":true,"href":"https:\/\/www.europesays.com\/fr\/wp-json\/wp\/v2\/tags?post=315004"}],"curies":[{"name":"wp","href":"https:\/\/api.w.org\/{rel}","templated":true}]}}