{"id":315006,"date":"2025-08-12T23:28:11","date_gmt":"2025-08-12T23:28:11","guid":{"rendered":"https:\/\/www.europesays.com\/fr\/315006\/"},"modified":"2025-08-12T23:28:11","modified_gmt":"2025-08-12T23:28:11","slug":"previsions-du-mercredi-13-aout-2025-2","status":"publish","type":"post","link":"https:\/\/www.europesays.com\/fr\/315006\/","title":{"rendered":"pr\u00e9visions du mercredi 13 ao\u00fbt 2025"},"content":{"rendered":"<p>\u00c0 Rennes, les maximales pourront atteindre 31\u00b0C dans la journ\u00e9e alors que les minimales seront de 16\u00b0C. Une brise de sud-ouest soufflera doucement. Le soleil brillerait plus t\u00f4t dans la matin\u00e9e si des nuages ne retardaient pas sa venue. Des pluies \u00e9parses sont attendues. Les valeurs maximums annonc\u00e9es sont importantes, avec 30\u00b0C. On anticipe des temp\u00e9ratures avoisinant 25\u00b0C. Le soleil sera au rendez-vous : un magnifique apr\u00e8s-midi se profile ! Les temp\u00e9ratures vont grimper de plusieurs degr\u00e9s. Les valeurs \u00e9volueront entre 27 et 31\u2009\u00b0C. Les temp\u00e9ratures seront comprises entre 27 et 31\u00b0C. Un ciel brumeux est \u00e0 pr\u00e9voir dans la nuit entre mercredi et jeudi.<\/p>\n<p>Demain, les Rennais vont pouvoir profiter d&rsquo;un soleil radieux. Le mercure va chuter de quelques degr\u00e9s. L&rsquo;\u00e9pisode de fortes chaleurs est bien l\u00e0, avec des valeurs qui risqueront d&rsquo;aller jusqu&rsquo;\u00e0 31\u00b0C. Les temp\u00e9ratures s&rsquo;\u00e9chelonneront entre 15 et 31\u00b0C. Un vent de nord-ouest rafra\u00eechira quelque peu l&rsquo;atmosph\u00e8re. Les valeurs avoisineront les 22\u00b0C dans la matin\u00e9e. L&rsquo;air ambiant va se r\u00e9chauffer demain apr\u00e8s-midi avec une hausse de plusieurs degr\u00e9s. La ville va souffrir des grosses chaleurs avec des temp\u00e9ratures qui devraient monter \u00e0 31\u00b0C. Les valeurs afficheront entre 26\u00b0C et 31\u00b0C.<\/p>\n<p>Pour les jours suivants, la m\u00e9t\u00e9o ne changera pas. On pr\u00e9voit des journ\u00e9es ensoleill\u00e9es, avec des temp\u00e9ratures dans les 39\u00b0C en moyenne.<\/p>\n<p><\/p>\n","protected":false},"excerpt":{"rendered":"\u00c0 Rennes, les maximales pourront atteindre 31\u00b0C dans la journ\u00e9e alors que les minimales seront de 16\u00b0C. Une&hellip;\n","protected":false},"author":2,"featured_media":315007,"comment_status":"","ping_status":"","sticky":false,"template":"","format":"standard","meta":{"footnotes":""},"categories":[2821],"tags":[1111,11,829,1777,674,1011,27,848,12,2119,584,25],"class_list":{"0":"post-315006","1":"post","2":"type-post","3":"status-publish","4":"format-standard","5":"has-post-thumbnail","7":"category-rennes","8":"tag-actu","9":"tag-actualites","10":"tag-bretagne","11":"tag-eu","12":"tag-europe","13":"tag-fr","14":"tag-france","15":"tag-ille-et-vilaine","16":"tag-news","17":"tag-previsions-meteo","18":"tag-rennes","19":"tag-republique-francaise"},"share_on_mastodon":{"url":"https:\/\/pubeurope.com\/@fr\/115018393430870191","error":""},"_links":{"self":[{"href":"https:\/\/www.europesays.com\/fr\/wp-json\/wp\/v2\/posts\/315006","targetHints":{"allow":["GET"]}}],"collection":[{"href":"https:\/\/www.europesays.com\/fr\/wp-json\/wp\/v2\/posts"}],"about":[{"href":"https:\/\/www.europesays.com\/fr\/wp-json\/wp\/v2\/types\/post"}],"author":[{"embeddable":true,"href":"https:\/\/www.europesays.com\/fr\/wp-json\/wp\/v2\/users\/2"}],"replies":[{"embeddable":true,"href":"https:\/\/www.europesays.com\/fr\/wp-json\/wp\/v2\/comments?post=315006"}],"version-history":[{"count":0,"href":"https:\/\/www.europesays.com\/fr\/wp-json\/wp\/v2\/posts\/315006\/revisions"}],"wp:featuredmedia":[{"embeddable":true,"href":"https:\/\/www.europesays.com\/fr\/wp-json\/wp\/v2\/media\/315007"}],"wp:attachment":[{"href":"https:\/\/www.europesays.com\/fr\/wp-json\/wp\/v2\/media?parent=315006"}],"wp:term":[{"taxonomy":"category","embeddable":true,"href":"https:\/\/www.europesays.com\/fr\/wp-json\/wp\/v2\/categories?post=315006"},{"taxonomy":"post_tag","embeddable":true,"href":"https:\/\/www.europesays.com\/fr\/wp-json\/wp\/v2\/tags?post=315006"}],"curies":[{"name":"wp","href":"https:\/\/api.w.org\/{rel}","templated":true}]}}