{"id":315008,"date":"2025-08-12T23:29:11","date_gmt":"2025-08-12T23:29:11","guid":{"rendered":"https:\/\/www.europesays.com\/fr\/315008\/"},"modified":"2025-08-12T23:29:11","modified_gmt":"2025-08-12T23:29:11","slug":"le-milieu-de-terrain-mahdi-camara-finalement-vers-rennes-plutot-que-vers-logc-nice","status":"publish","type":"post","link":"https:\/\/www.europesays.com\/fr\/315008\/","title":{"rendered":"Le milieu de terrain Mahdi Camara finalement vers Rennes plut\u00f4t que vers l&rsquo;OGC Nice?"},"content":{"rendered":"<p>D\u00e9cidemment, rien ne sera \u00e9pargn\u00e9 \u00e0 l&rsquo;OGC Nice en ce d\u00e9but de saison. Apr\u00e8s le transfert avort\u00e9 de K\u00f6nigsd\u00f6rffer en raison d&rsquo;une visite m\u00e9dicale infructueuse, c&rsquo;est la piste menant au milieu de terrain de Brest Mahdi Camara qui pourrait ne pas se concr\u00e9tiser.\u00a0<\/p>\n<p>Alors que l&rsquo;arriv\u00e9e de l&rsquo;ancien St\u00e9phanois \u00e9tait en tr\u00e8s bonne voie, une approche du Stade Rennais ce mardi est venue tout chambouler.<\/p>\n<p>Disposant de moyens bien plus importants que son homologue ni\u00e7ois, Rennes a pos\u00e9 sur la table une proposition salariale tr\u00e8s largement sup\u00e9rieure, de nature \u00e0 convaincre le joueur de 27 ans de changer de destination et de favoriser le club breton.<\/p>\n<p>L&rsquo;OGC Nice n&rsquo;est pas encore totalement r\u00e9sign\u00e9 mais le dossier s&rsquo;est quand m\u00eame sacr\u00e9ment compliqu\u00e9.\u00a0<\/p>\n","protected":false},"excerpt":{"rendered":"D\u00e9cidemment, rien ne sera \u00e9pargn\u00e9 \u00e0 l&rsquo;OGC Nice en ce d\u00e9but de saison. Apr\u00e8s le transfert avort\u00e9 de&hellip;\n","protected":false},"author":2,"featured_media":315009,"comment_status":"","ping_status":"","sticky":false,"template":"","format":"standard","meta":{"footnotes":""},"categories":[2821],"tags":[1111,11,829,1777,674,63,1011,27,12,584,25,60],"class_list":{"0":"post-315008","1":"post","2":"type-post","3":"status-publish","4":"format-standard","5":"has-post-thumbnail","7":"category-rennes","8":"tag-actu","9":"tag-actualites","10":"tag-bretagne","11":"tag-eu","12":"tag-europe","13":"tag-football","14":"tag-fr","15":"tag-france","16":"tag-news","17":"tag-rennes","18":"tag-republique-francaise","19":"tag-sports"},"share_on_mastodon":{"url":"https:\/\/pubeurope.com\/@fr\/115018397338438712","error":""},"_links":{"self":[{"href":"https:\/\/www.europesays.com\/fr\/wp-json\/wp\/v2\/posts\/315008","targetHints":{"allow":["GET"]}}],"collection":[{"href":"https:\/\/www.europesays.com\/fr\/wp-json\/wp\/v2\/posts"}],"about":[{"href":"https:\/\/www.europesays.com\/fr\/wp-json\/wp\/v2\/types\/post"}],"author":[{"embeddable":true,"href":"https:\/\/www.europesays.com\/fr\/wp-json\/wp\/v2\/users\/2"}],"replies":[{"embeddable":true,"href":"https:\/\/www.europesays.com\/fr\/wp-json\/wp\/v2\/comments?post=315008"}],"version-history":[{"count":0,"href":"https:\/\/www.europesays.com\/fr\/wp-json\/wp\/v2\/posts\/315008\/revisions"}],"wp:featuredmedia":[{"embeddable":true,"href":"https:\/\/www.europesays.com\/fr\/wp-json\/wp\/v2\/media\/315009"}],"wp:attachment":[{"href":"https:\/\/www.europesays.com\/fr\/wp-json\/wp\/v2\/media?parent=315008"}],"wp:term":[{"taxonomy":"category","embeddable":true,"href":"https:\/\/www.europesays.com\/fr\/wp-json\/wp\/v2\/categories?post=315008"},{"taxonomy":"post_tag","embeddable":true,"href":"https:\/\/www.europesays.com\/fr\/wp-json\/wp\/v2\/tags?post=315008"}],"curies":[{"name":"wp","href":"https:\/\/api.w.org\/{rel}","templated":true}]}}