{"id":315025,"date":"2025-08-12T23:41:10","date_gmt":"2025-08-12T23:41:10","guid":{"rendered":"https:\/\/www.europesays.com\/fr\/315025\/"},"modified":"2025-08-12T23:41:10","modified_gmt":"2025-08-12T23:41:10","slug":"previsions-du-mercredi-13-aout-2025-6","status":"publish","type":"post","link":"https:\/\/www.europesays.com\/fr\/315025\/","title":{"rendered":"pr\u00e9visions du mercredi 13 ao\u00fbt 2025"},"content":{"rendered":"<p>Lille aura la chance de pouvoir profiter d&rsquo;une superbe journ\u00e9e ensoleill\u00e9e. Les valeurs seront comprises entre 19 et 36\u00b0C. Les temp\u00e9ratures maximums annonc\u00e9es le matin sont importantes, avec 33\u00b0C. Une petite brise de sud-ouest soufflera. L&rsquo;apr\u00e8s-midi, c&rsquo;est une hausse de plusieurs degr\u00e9s que vont conna\u00eetre les temp\u00e9ratures. Prenez garde \u00e0 la vague de chaleur. Des valeurs de 31 \u00e0 36\u00b0C sont pr\u00e9vues. La soir\u00e9e sera marqu\u00e9e par des pluies \u00e9parses. C&rsquo;est un ciel limpide que conna\u00eetra la nuit de mercredi \u00e0 jeudi.<\/p>\n<p>Demain, les Lillois vont pouvoir b\u00e9n\u00e9ficier d&rsquo;un soleil radieux. Une baisse des temp\u00e9ratures est attendue. L&rsquo;\u00e9pisode de fortes chaleurs est bien l\u00e0, avec des temp\u00e9ratures qui risqueront de monter \u00e0 34\u00b0C. Les valeurs afficheront entre 20 et 34\u00b0C. Un vent de nord-ouest rafra\u00eechira sensiblement l&rsquo;atmosph\u00e8re. La ville va souffrir des grosses chaleurs avec des temp\u00e9ratures qui devraient grimper jusqu&rsquo;\u00e0 31\u00b0C le matin. Les valeurs vont enregistrer une augmentation de plusieurs degr\u00e9s au cours de l&rsquo;apr\u00e8s-midi. Les valeurs \u00e9volueront entre 30 et 34\u2009\u00b0C. Il va faire 25\u00b0C en moyenne demain soir.<\/p>\n<p>Les jours se suivent et se ressemblent. Il va faire un temps assez ensoleill\u00e9 avec des temp\u00e9ratures d&rsquo;environ 32\u00b0C.<\/p>\n<p>V\u00e9rifiez si votre d\u00e9partement est en alerte canicule. Dans tous les cas, il convient de prendre quelques pr\u00e9cautions pour se prot\u00e9ger de la chaleur : buvez abondamment et \u00e9vitez d&rsquo;aller au soleil durant les heures les plus chaudes.<\/p>\n","protected":false},"excerpt":{"rendered":"Lille aura la chance de pouvoir profiter d&rsquo;une superbe journ\u00e9e ensoleill\u00e9e. Les valeurs seront comprises entre 19 et&hellip;\n","protected":false},"author":2,"featured_media":315026,"comment_status":"","ping_status":"","sticky":false,"template":"","format":"standard","meta":{"footnotes":""},"categories":[2815],"tags":[1111,11,1777,674,1011,27,811,1307,12,1308,1309,2119,25],"class_list":{"0":"post-315025","1":"post","2":"type-post","3":"status-publish","4":"format-standard","5":"has-post-thumbnail","7":"category-lille","8":"tag-actu","9":"tag-actualites","10":"tag-eu","11":"tag-europe","12":"tag-fr","13":"tag-france","14":"tag-hauts-de-france","15":"tag-lille","16":"tag-news","17":"tag-nord","18":"tag-nord-pas-de-calais","19":"tag-previsions-meteo","20":"tag-republique-francaise"},"share_on_mastodon":{"url":"https:\/\/pubeurope.com\/@fr\/115018444529631342","error":""},"_links":{"self":[{"href":"https:\/\/www.europesays.com\/fr\/wp-json\/wp\/v2\/posts\/315025","targetHints":{"allow":["GET"]}}],"collection":[{"href":"https:\/\/www.europesays.com\/fr\/wp-json\/wp\/v2\/posts"}],"about":[{"href":"https:\/\/www.europesays.com\/fr\/wp-json\/wp\/v2\/types\/post"}],"author":[{"embeddable":true,"href":"https:\/\/www.europesays.com\/fr\/wp-json\/wp\/v2\/users\/2"}],"replies":[{"embeddable":true,"href":"https:\/\/www.europesays.com\/fr\/wp-json\/wp\/v2\/comments?post=315025"}],"version-history":[{"count":0,"href":"https:\/\/www.europesays.com\/fr\/wp-json\/wp\/v2\/posts\/315025\/revisions"}],"wp:featuredmedia":[{"embeddable":true,"href":"https:\/\/www.europesays.com\/fr\/wp-json\/wp\/v2\/media\/315026"}],"wp:attachment":[{"href":"https:\/\/www.europesays.com\/fr\/wp-json\/wp\/v2\/media?parent=315025"}],"wp:term":[{"taxonomy":"category","embeddable":true,"href":"https:\/\/www.europesays.com\/fr\/wp-json\/wp\/v2\/categories?post=315025"},{"taxonomy":"post_tag","embeddable":true,"href":"https:\/\/www.europesays.com\/fr\/wp-json\/wp\/v2\/tags?post=315025"}],"curies":[{"name":"wp","href":"https:\/\/api.w.org\/{rel}","templated":true}]}}