{"id":315027,"date":"2025-08-12T23:42:11","date_gmt":"2025-08-12T23:42:11","guid":{"rendered":"https:\/\/www.europesays.com\/fr\/315027\/"},"modified":"2025-08-12T23:42:11","modified_gmt":"2025-08-12T23:42:11","slug":"mettre-tous-les-moyens-en-oeuvre","status":"publish","type":"post","link":"https:\/\/www.europesays.com\/fr\/315027\/","title":{"rendered":"Mettre tous les moyens en \u0153uvre"},"content":{"rendered":"\n<p>Aucun territoire en France n\u2019\u00e9chappe d\u00e9sormais au fl\u00e9au de la drogue. Comme l\u2019a d\u00e9montr\u00e9 la commission d\u2019enqu\u00eate s\u00e9natoriale, \u00e0 laquelle a particip\u00e9 le s\u00e9nateur communiste des Bouches-du-Rh\u00f4ne, J\u00e9r\u00e9my Bacchi, la R\u00e9publique pourrait vaciller si tout n\u2019est pas mis en \u0153uvre pour \u00e9radiquer cette peste. Jeunesse sacrifi\u00e9e, corruption, assassinats&#8230; Cette spirale doit \u00eatre stopp\u00e9e.<\/p>\n<p>Ce trafic enrichit des mafias internationales et bouche l\u2019horizon de milliers d\u2019habitants, soumis \u00e0 la dictature et la violence des gangs, priv\u00e9s du droit \u00e9l\u00e9mentaire \u00e0 la s\u00e9curit\u00e9, au bien vivre.<\/p>\n<p>\u00c0 Marseille, le hideux trafic a pris depuis longtemps ses aises dans le centre-ville. La r\u00e9ponse polici\u00e8re est une n\u00e9cessit\u00e9 et, dans les faits, il y a des r\u00e9sultats. Sauf que la r\u00e9pression ne peut suffire \u00e0 endiguer cette question structurelle, la question de la drogue, et son cort\u00e8ge d\u2019usagers, d\u2019addictions.<\/p>\n<p>R\u00e9publique faible<\/p>\n<p>Entendre les citoyens du centre-ville et des quartiers populaires est imp\u00e9ratif pour r\u00e9ussir. L\u2019\u00c9tat ne peut plus simplement se payer de mots. Or, la r\u00e9ponse strictement s\u00e9curitaire qui irrigue aujourd\u2019hui la Place Bauveau avec \u00e0 sa t\u00eate Bruno Retailleau ne peut accoucher que de coups d\u2019\u00e9clat sans apporter de r\u00e9ponses sur le long terme. Reconqu\u00e9rir le terrain pris par le trafic, c\u2019est aussi mettre le paquet sur les services publics, la culture, l\u2019\u00e9ducation, la sant\u00e9. Ce n\u2019est absolument pas la priorit\u00e9 du gouvernement actuel, qui s\u2019emploie \u00e0 fragiliser encore plus les Fran\u00e7ais en pr\u00e9parant un des pires budgets aust\u00e9ritaires.<\/p>\n<p>Les trafiquants, eux, se frottent les mains, car une R\u00e9publique faible leur va parfaitement.<\/p>\n","protected":false},"excerpt":{"rendered":"Aucun territoire en France n\u2019\u00e9chappe d\u00e9sormais au fl\u00e9au de la drogue. Comme l\u2019a d\u00e9montr\u00e9 la commission d\u2019enqu\u00eate s\u00e9natoriale,&hellip;\n","protected":false},"author":2,"featured_media":315028,"comment_status":"","ping_status":"","sticky":false,"template":"","format":"standard","meta":{"footnotes":""},"categories":[2814],"tags":[1111,11,2518,1777,674,1011,27,884,12,882,25],"class_list":{"0":"post-315027","1":"post","2":"type-post","3":"status-publish","4":"format-standard","5":"has-post-thumbnail","7":"category-marseille","8":"tag-actu","9":"tag-actualites","10":"tag-edito","11":"tag-eu","12":"tag-europe","13":"tag-fr","14":"tag-france","15":"tag-marseille","16":"tag-news","17":"tag-provence-alpes-cote-dazur","18":"tag-republique-francaise"},"share_on_mastodon":{"url":"https:\/\/pubeurope.com\/@fr\/115018448500710608","error":""},"_links":{"self":[{"href":"https:\/\/www.europesays.com\/fr\/wp-json\/wp\/v2\/posts\/315027","targetHints":{"allow":["GET"]}}],"collection":[{"href":"https:\/\/www.europesays.com\/fr\/wp-json\/wp\/v2\/posts"}],"about":[{"href":"https:\/\/www.europesays.com\/fr\/wp-json\/wp\/v2\/types\/post"}],"author":[{"embeddable":true,"href":"https:\/\/www.europesays.com\/fr\/wp-json\/wp\/v2\/users\/2"}],"replies":[{"embeddable":true,"href":"https:\/\/www.europesays.com\/fr\/wp-json\/wp\/v2\/comments?post=315027"}],"version-history":[{"count":0,"href":"https:\/\/www.europesays.com\/fr\/wp-json\/wp\/v2\/posts\/315027\/revisions"}],"wp:featuredmedia":[{"embeddable":true,"href":"https:\/\/www.europesays.com\/fr\/wp-json\/wp\/v2\/media\/315028"}],"wp:attachment":[{"href":"https:\/\/www.europesays.com\/fr\/wp-json\/wp\/v2\/media?parent=315027"}],"wp:term":[{"taxonomy":"category","embeddable":true,"href":"https:\/\/www.europesays.com\/fr\/wp-json\/wp\/v2\/categories?post=315027"},{"taxonomy":"post_tag","embeddable":true,"href":"https:\/\/www.europesays.com\/fr\/wp-json\/wp\/v2\/tags?post=315027"}],"curies":[{"name":"wp","href":"https:\/\/api.w.org\/{rel}","templated":true}]}}