{"id":315029,"date":"2025-08-12T23:43:11","date_gmt":"2025-08-12T23:43:11","guid":{"rendered":"https:\/\/www.europesays.com\/fr\/315029\/"},"modified":"2025-08-12T23:43:11","modified_gmt":"2025-08-12T23:43:11","slug":"previsions-du-mercredi-13-aout-2025-7","status":"publish","type":"post","link":"https:\/\/www.europesays.com\/fr\/315029\/","title":{"rendered":"pr\u00e9visions du mercredi 13 ao\u00fbt 2025"},"content":{"rendered":"<p>Un beau soleil est attendu aujourd&rsquo;hui \u00e0 Marseille. Les temp\u00e9ratures seront de 26\u00b0C au minimum et de 30\u00b0C au maximum. Un vent de sud soufflera doucement. Attention \u00e0 la vague de chaud dans la matin\u00e9e. Des valeurs de 27 \u00e0 30\u00b0C sont annonc\u00e9es. Le mercure affichera 29\u00b0C en moyenne. La ville va ressentir d&rsquo;importantes chaleurs avec des temp\u00e9ratures qui pourraient grimper jusqu&rsquo;\u00e0 30\u00b0C l&rsquo;apr\u00e8s-midi. Les valeurs seront comprises entre 29 et 30\u00b0C. Le ciel sera limpide dans la nuit de mercredi \u00e0 jeudi.<\/p>\n<p>La ville de Marseille va conna\u00eetre, demain, une vague de grosses chaleurs avec des temp\u00e9ratures qui atteindront parfois les 30\u00b0C. On pr\u00e9voit des valeurs avoisinant 28\u00b0C. Toujours de la grisaille le matin. Les nuages vont stationner. Les habitants devront s&rsquo;abriter des orages de faible intensit\u00e9 qui se d\u00e9clareront. Les temp\u00e9ratures s&rsquo;\u00e9chelonneront entre 26 et 29\u00b0C. Une l\u00e9g\u00e8re brise de sud soufflera. Cet apr\u00e8s-midi rimera avec grand soleil. Les fortes chaleurs sont install\u00e9es. Avec des valeurs \u00e9chelonn\u00e9es entre 28 et 30\u00b0C. Les temp\u00e9ratures afficheront entre 28 et 30\u00b0C. Les maximales iront jusqu&rsquo;\u00e0 28\u00b0C dans la soir\u00e9e tandis que les minimales seront de 27\u00b0C. Un modeste vent de nord-ouest sera ressenti par les habitants.<\/p>\n<p>Les jours qui suivent s&rsquo;annoncent identiques. Pr\u00e9voyez 31\u00b0C en moyenne qui accompagneront des journ\u00e9es ensoleill\u00e9es.<\/p>\n<p><\/p>\n","protected":false},"excerpt":{"rendered":"Un beau soleil est attendu aujourd&rsquo;hui \u00e0 Marseille. Les temp\u00e9ratures seront de 26\u00b0C au minimum et de 30\u00b0C&hellip;\n","protected":false},"author":2,"featured_media":315030,"comment_status":"","ping_status":"","sticky":false,"template":"","format":"standard","meta":{"footnotes":""},"categories":[2814],"tags":[1111,11,1777,674,1011,27,884,12,2119,882,25],"class_list":{"0":"post-315029","1":"post","2":"type-post","3":"status-publish","4":"format-standard","5":"has-post-thumbnail","7":"category-marseille","8":"tag-actu","9":"tag-actualites","10":"tag-eu","11":"tag-europe","12":"tag-fr","13":"tag-france","14":"tag-marseille","15":"tag-news","16":"tag-previsions-meteo","17":"tag-provence-alpes-cote-dazur","18":"tag-republique-francaise"},"share_on_mastodon":{"url":"https:\/\/pubeurope.com\/@fr\/115018452429862669","error":""},"_links":{"self":[{"href":"https:\/\/www.europesays.com\/fr\/wp-json\/wp\/v2\/posts\/315029","targetHints":{"allow":["GET"]}}],"collection":[{"href":"https:\/\/www.europesays.com\/fr\/wp-json\/wp\/v2\/posts"}],"about":[{"href":"https:\/\/www.europesays.com\/fr\/wp-json\/wp\/v2\/types\/post"}],"author":[{"embeddable":true,"href":"https:\/\/www.europesays.com\/fr\/wp-json\/wp\/v2\/users\/2"}],"replies":[{"embeddable":true,"href":"https:\/\/www.europesays.com\/fr\/wp-json\/wp\/v2\/comments?post=315029"}],"version-history":[{"count":0,"href":"https:\/\/www.europesays.com\/fr\/wp-json\/wp\/v2\/posts\/315029\/revisions"}],"wp:featuredmedia":[{"embeddable":true,"href":"https:\/\/www.europesays.com\/fr\/wp-json\/wp\/v2\/media\/315030"}],"wp:attachment":[{"href":"https:\/\/www.europesays.com\/fr\/wp-json\/wp\/v2\/media?parent=315029"}],"wp:term":[{"taxonomy":"category","embeddable":true,"href":"https:\/\/www.europesays.com\/fr\/wp-json\/wp\/v2\/categories?post=315029"},{"taxonomy":"post_tag","embeddable":true,"href":"https:\/\/www.europesays.com\/fr\/wp-json\/wp\/v2\/tags?post=315029"}],"curies":[{"name":"wp","href":"https:\/\/api.w.org\/{rel}","templated":true}]}}