{"id":315032,"date":"2025-08-12T23:45:17","date_gmt":"2025-08-12T23:45:17","guid":{"rendered":"https:\/\/www.europesays.com\/fr\/315032\/"},"modified":"2025-08-12T23:45:17","modified_gmt":"2025-08-12T23:45:17","slug":"tour-2026-2-lyonnais-veulent-reunir-un-peloton-de-velos-publics","status":"publish","type":"post","link":"https:\/\/www.europesays.com\/fr\/315032\/","title":{"rendered":"Tour 2026 : 2 Lyonnais veulent r\u00e9unir un peloton de v\u00e9los publics"},"content":{"rendered":"<p>Apr\u00e8s avoir parcouru une \u00e9tape du Tour de France 2025 \u00e0 V\u00e9lo\u2019V, Thibault Arbonel et Thomas Laurenceau ambitionnent de constituer en 2026 un peloton de v\u00e9los issus de nombreuses villes fran\u00e7aises.<\/p>\n<p>Imaginez-vous faire le parcours d\u2019une \u00e9tape du Tour de France \u00e0 v\u00e9los ? Certains d\u2019entre vous sont fatigu\u00e9s rien qu\u2019en y pensant. Alors imaginez-vous le faire avec un <strong>v\u00e9lo en libre-service<\/strong> de la <strong><a href=\"https:\/\/www.grandlyon.com\/\" target=\"_blank\" rel=\"noreferrer noopener\">M\u00e9tropole de Lyon<\/a><\/strong> ? Nos chers <strong>V\u00e9lo\u2019V<\/strong> ne p\u00e8sent pas moins de 28 kg. \u00c7a semble \u00eatre mission impossible. Et pourtant c\u2019est ce qu\u2019ont r\u00e9alis\u00e9 <strong>Thibault Arbonel<\/strong> et <strong>Thomas Laurenceau<\/strong>. <strong>Th\u00e9ophile Eliot<\/strong> est all\u00e9 \u00e0 la rencontre de <strong>Thibault Arbonel.<\/strong><\/p>\n<p>Ecoutez le podcast<\/p>\n<p>Des v\u00e9los publics pour une \u00e9tape du Tour de France<\/p>\n<p><strong>4500 m\u00e8tres de d\u00e9nivel\u00e9<\/strong>, <strong>cinq cols<\/strong>, et tout \u00e7a\u2026 \u00e0 <strong>V\u00e9lo\u2019v<\/strong>. C\u2019est le pari compl\u00e8tement d\u00e9jant\u00e9 qu\u2019ont relev\u00e9 <strong>Thibault Arbonel<\/strong> et <strong>Thomas Laurenceau<\/strong>. En marge de l\u2019<strong>\u00c9tape du Tour<\/strong> r\u00e9serv\u00e9e aux amateurs, les deux amis se sont \u00e9lanc\u00e9s, la veille de la course, sur le m\u00eame trac\u00e9 <strong>entre Albertville et La Plagne<\/strong>. Un parcours de <strong>130km<\/strong> avec 5 cols \u00e0 franchir et 4500m de d\u00e9nivel\u00e9. Le tout, sur des <strong>v\u00e9los en libre service<\/strong>.<\/p>\n<p>Ecoutez aussi : <a href=\"https:\/\/www.lyondemain.fr\/le-carrosse-de-vincent-triporteur\/\" target=\"_blank\" rel=\"noreferrer noopener\">Le Carrosse de Vincent : le triporteur qui se faufile partout \u00e0 Lyon\u2026<\/a><\/p>\n<p>JCDecaux met deux v\u00e9los rouges \u00e0 disposition des deux coureurs amateurs<\/p>\n<p>L\u2019id\u00e9e na\u00eet d\u2019une simple blague. \u00ab Elle ne vient pas de moi directement. Elle vient de mon fr\u00e8re, qui avait fait l\u2019<strong>Etape du Tour<\/strong> l\u2019ann\u00e9e pr\u00e9c\u00e9dente, et qui s\u2019est dit : plus jamais \u00e7a. Un de ses amis a compl\u00e9t\u00e9 : \u201cplus jamais \u00e7a, \u00e0 v\u00e9lo, mais pas en <strong>V\u00e9lo\u2019V<\/strong>.\u201d \u00bb raconte <strong>Thibault<\/strong>. Le d\u00e9fi s\u2019improvise presque. Thibault envoie un mail \u00e0<strong> JCDecaux<\/strong>, l\u2019exploitant du <strong>service V\u00e9lo\u2019v<\/strong> \u00e0 Lyon. R\u00e9ponse positive \u00e0 la derni\u00e8re minute. \u00ab On partait le samedi, et la directrice de la communication m\u2019appelle le vendredi en disant : pas de souci, on vous pr\u00eate <strong>deux V\u00e9lo\u2019v<\/strong>. Mais vous avez trois heures pour venir les chercher au centre de maintenance de Villeurbanne. \u00bb\u00a0<\/p>\n<p>Thibault Arbonel nous raconte ce d\u00e9fi\u2026. Ecoutez le podcast<\/p>\n<p>La M\u00e9tropole de Lyon et JCDecaux ont d\u2019ailleurs offert <strong>un abonnement V\u00e9lo\u2019V \u00e0 vie<\/strong> aux deux coureurs de l\u2019extr\u00eame\u2026<\/p>\n<p>Ecoutez aussi : <a href=\"https:\/\/veloradio.fr\/matmut-stadium-lyon-velos\/\" target=\"_blank\" rel=\"noreferrer noopener\">Matmut Stadium : un parc \u00e0 v\u00e9los pour le LOU Rugby<\/a><\/p>\n<p><img fetchpriority=\"high\" decoding=\"async\" width=\"1200\" height=\"675\" src=\"https:\/\/www.europesays.com\/fr\/wp-content\/uploads\/2025\/08\/velos-publics-Metropole-de-Lyon.png\" alt=\"M\u00e9tropole de Lyon JCDecaux\" class=\"wp-image-250998\"  \/><\/p>\n<p>Un peloton de v\u00e9los publics pour le Tour de France 2026<\/p>\n<p>Les deux amis n\u2019entendent pas en rester l\u00e0. \u00ab\u00a0L\u2019objectif de 2026, c\u2019est de constituer un <strong>peloton de v\u00e9los publics<\/strong>. Il y a 73 r\u00e9seaux en france et l\u2019id\u00e9e sera de r\u00e9unir des <strong>v\u00e9los de Pau, d\u2019Amiens, de Mulhouse, de Besan\u00e7on<\/strong>\u2026et voir les couleurs de <strong>tous les v\u00e9los de France<\/strong> sur une \u00e9tape juste bon enfant\u00a0\u00bb. En clair, un peloton de V\u00e9lo\u2019V lyonnais, V\u00e9lib parisien, V\u00e9lam ami\u00e9nois, V\u00e9livert st\u00e9phanois et autres Bicloo nantais\u2026<\/p>\n<p><strong>JCDecaux<\/strong> et d\u2019autres exploitants seront sollicit\u00e9s par les participants de chaque ville. \u00ab\u00a0L\u2019id\u00e9e est de lancer quelques d\u00e9fis pour pimenter ainsi cette \u00e9tape pittoresque\u00a0\u00bb explique <strong>Thibault Arbonel<\/strong>. Le cycliste lyonnais a aussi d\u2019autre projets\u2026 Comme organiser un<strong> trail \u00e0 v\u00e9los<\/strong> qui suivrait le trac\u00e8 de l\u2019<strong>ancien aqueduc du Gier<\/strong> dont il reste quelques vestiges aux portes de Lyon.<\/p>\n<p>Ecoutez aussi : <a href=\"https:\/\/www.lyondemain.fr\/drop-velos-cargo-lyon\/\" target=\"_blank\" rel=\"noreferrer noopener\">Drop : agile et propre comme un v\u00e9lo, avec le confort d\u2019une voiture<\/a><\/p>\n<p><img loading=\"lazy\" decoding=\"async\" width=\"1200\" height=\"675\" src=\"https:\/\/www.europesays.com\/fr\/wp-content\/uploads\/2025\/08\/velos-publics.png\" alt=\"v\u00e9los publics V\u00e9lo'V\" class=\"wp-image-250996\"  \/>Thibault Arbonel et Thomas Laurenceau<br \/>\nJ\u2019aime \u00e7a\u00a0:<\/p>\n<p>J\u2019aime chargement\u2026<\/p>\n<p><a class=\"sd-link-color\"\/><\/p>\n<p>\n\tArticles similaires\n<\/p>\n<p>\t\t\t\t<img decoding=\"async\" src=\"https:\/\/www.europesays.com\/fr\/wp-content\/uploads\/2025\/08\/1755042317_443_7866158698e17e8ed633c05e8f8e7fe5d9e057ad78661c4dc34e413abb6b9f19\" alt=\"G\u00e9rald Bouchon\"\/><\/p>\n<p>Pionnier des radios libres, passionn\u00e9 de radio, journaliste et dirigeant de m\u00e9dias \u00e9co-responsables..<\/p>\n","protected":false},"excerpt":{"rendered":"Apr\u00e8s avoir parcouru une \u00e9tape du Tour de France 2025 \u00e0 V\u00e9lo\u2019V, Thibault Arbonel et Thomas Laurenceau ambitionnent&hellip;\n","protected":false},"author":2,"featured_media":315033,"comment_status":"","ping_status":"","sticky":false,"template":"","format":"standard","meta":{"footnotes":""},"categories":[1889],"tags":[1111,11,2430,207,1777,674,1011,27,29160,2428,10510,12,25,210,11091,29164],"class_list":{"0":"post-315032","1":"post","2":"type-post","3":"status-publish","4":"format-standard","5":"has-post-thumbnail","7":"category-lyon","8":"tag-actu","9":"tag-actualites","10":"tag-auvergne-rhone-alpes","11":"tag-cyclisme","12":"tag-eu","13":"tag-europe","14":"tag-fr","15":"tag-france","16":"tag-jcdecaux","17":"tag-lyon","18":"tag-metropole-de-lyon","19":"tag-news","20":"tag-republique-francaise","21":"tag-tour-de-france","22":"tag-velov","23":"tag-velos-en-libre-service"},"share_on_mastodon":{"url":"https:\/\/pubeurope.com\/@fr\/115018460363061430","error":""},"_links":{"self":[{"href":"https:\/\/www.europesays.com\/fr\/wp-json\/wp\/v2\/posts\/315032","targetHints":{"allow":["GET"]}}],"collection":[{"href":"https:\/\/www.europesays.com\/fr\/wp-json\/wp\/v2\/posts"}],"about":[{"href":"https:\/\/www.europesays.com\/fr\/wp-json\/wp\/v2\/types\/post"}],"author":[{"embeddable":true,"href":"https:\/\/www.europesays.com\/fr\/wp-json\/wp\/v2\/users\/2"}],"replies":[{"embeddable":true,"href":"https:\/\/www.europesays.com\/fr\/wp-json\/wp\/v2\/comments?post=315032"}],"version-history":[{"count":0,"href":"https:\/\/www.europesays.com\/fr\/wp-json\/wp\/v2\/posts\/315032\/revisions"}],"wp:featuredmedia":[{"embeddable":true,"href":"https:\/\/www.europesays.com\/fr\/wp-json\/wp\/v2\/media\/315033"}],"wp:attachment":[{"href":"https:\/\/www.europesays.com\/fr\/wp-json\/wp\/v2\/media?parent=315032"}],"wp:term":[{"taxonomy":"category","embeddable":true,"href":"https:\/\/www.europesays.com\/fr\/wp-json\/wp\/v2\/categories?post=315032"},{"taxonomy":"post_tag","embeddable":true,"href":"https:\/\/www.europesays.com\/fr\/wp-json\/wp\/v2\/tags?post=315032"}],"curies":[{"name":"wp","href":"https:\/\/api.w.org\/{rel}","templated":true}]}}