{"id":315036,"date":"2025-08-12T23:48:22","date_gmt":"2025-08-12T23:48:22","guid":{"rendered":"https:\/\/www.europesays.com\/fr\/315036\/"},"modified":"2025-08-12T23:48:22","modified_gmt":"2025-08-12T23:48:22","slug":"la-preuve-avec-ces-trois-biens-de-prestige-a-paris","status":"publish","type":"post","link":"https:\/\/www.europesays.com\/fr\/315036\/","title":{"rendered":"la preuve avec ces trois biens de prestige \u00e0 Paris"},"content":{"rendered":"<p><strong>R\u00c9CIT <\/strong>&#8211; Dans sa qu\u00eate d\u2019\u00e9conomies, Fran\u00e7ois Bayrou veut am\u00e9liorer la gestion du patrimoine public. Retour sur trois transactions controvers\u00e9es sur des \u00e9difices embl\u00e9matiques de la capitale.<\/p>\n<p class=\"fig-paragraph\">P\u00e9riodiquement, l\u2019\u00c9tat, toujours en qu\u00eate de recettes, c\u00e8de des b\u00e2timents prestigieux de la capitale. Il ne fait pas pour autant de bonnes affaires. L\u2019h\u00f4tel de l\u2019Artillerie et l\u2019\u00eelot Saint-Germain au c\u0153ur sur la rive gauche, et l\u2019<a href=\"http:\/\/tvmag.lefigaro.fr\/programme-tv\/actu-tele\/l-hotel-de-la-marine-toutes-voiles-dehors-sur-le-figaro-tv-20241102\" data-fig-type=\"Article\" data-gtm-custom-categorie=\"navigation\" data-gtm-custom-action=\"crossclick\" data-gtm-custom-label=\"Contextuel\" data-gtm-event=\"customEventSPE\" data-fig-domain=\"TVMAG\" rel=\"nofollow noopener\" target=\"_blank\">h\u00f4tel de la Marine<\/a>\u00a0place de la Concorde offrent trois exemples \u00e9clairants des op\u00e9rations immobili\u00e8res, parfois hasardeuses, de l\u2019\u00c9tat.<\/p>\n<p class=\"fig-premium-paywall__infos\">\n        Cet article est r\u00e9serv\u00e9 aux abonn\u00e9s.        Il vous reste 94% \u00e0 d\u00e9couvrir.\n    <\/p>\n<p>                <img  data- alt=\"Le Figaro\" class=\"fig-img--complete fig-img\"\/><\/p>\n<p class=\"fig-premium-paywall__title\">Vous avez envie de lire la suite ?<\/p>\n<p class=\"fig-premium-paywall__subtitle\">D\u00e9bloquez tous les articles imm\u00e9diatement.<\/p>\n<p class=\"fig-premium-paywall__connect\">\n                D\u00e9j\u00e0 abonn\u00e9\u00a0?                <a class=\"fig-premium-paywall__connect-link\" href=\"https:\/\/connect.lefigaro.fr\/login?client=horizon_web&amp;type=main&amp;redirect_uri=https%3A%2F%2Fwww.lefigaro.fr%2Fconjoncture%2Fl-etat-gere-mal-son-immobilier-la-preuve-avec-ces-trois-biens-de-prestige-a-paris-20250812\" data-js-gtm=\"{&quot;customCategorie&quot;: &quot;conversion&quot;, &quot;customAction&quot;: &quot;before_Landing_Connexion_paywall_manuel&quot;, &quot;customLabel&quot;: &quot;bGVmaWdhcm8uZnJfXzFmMDc2OGEzLWZhMjYtNmYyYS1hYzA1LWI1OTI4YjM3NzcyYV9fQXJ0aWNsZQ==_L\u2019\u00c9tat g\u00e8re mal son immobilier\u00a0: la preuve avec ces trois biens de prestige \u00e0 Paris_684&quot;, &quot;customIDSPE&quot;: &quot;bGVmaWdhcm8uZnJfXzFmMDc2OGEzLWZhMjYtNmYyYS1hYzA1LWI1OTI4YjM3NzcyYV9fQXJ0aWNsZQ==&quot;, &quot;event&quot;: &quot;customEventSPE&quot;}\" rel=\"nofollow noopener\" target=\"_blank\"><br \/>\n                    Connectez-vous<br \/>\n                <\/a>\n            <\/p>\n","protected":false},"excerpt":{"rendered":"R\u00c9CIT &#8211; Dans sa qu\u00eate d\u2019\u00e9conomies, Fran\u00e7ois Bayrou veut am\u00e9liorer la gestion du patrimoine public. Retour sur trois&hellip;\n","protected":false},"author":2,"featured_media":315037,"comment_status":"","ping_status":"","sticky":false,"template":"","format":"standard","meta":{"footnotes":""},"categories":[1888],"tags":[1111,1928,11,1927,16309,1777,674,1011,27,1116,12,1926,626,1925,25],"class_list":{"0":"post-315036","1":"post","2":"type-post","3":"status-publish","4":"format-standard","5":"has-post-thumbnail","7":"category-paris","8":"tag-actu","9":"tag-actu-paris","10":"tag-actualites","11":"tag-actualites-paris","12":"tag-etat","13":"tag-eu","14":"tag-europe","15":"tag-fr","16":"tag-france","17":"tag-immobilier","18":"tag-news","19":"tag-news-paris","20":"tag-paris","21":"tag-paris-news","22":"tag-republique-francaise"},"share_on_mastodon":{"url":"https:\/\/pubeurope.com\/@fr\/115018472506041718","error":""},"_links":{"self":[{"href":"https:\/\/www.europesays.com\/fr\/wp-json\/wp\/v2\/posts\/315036","targetHints":{"allow":["GET"]}}],"collection":[{"href":"https:\/\/www.europesays.com\/fr\/wp-json\/wp\/v2\/posts"}],"about":[{"href":"https:\/\/www.europesays.com\/fr\/wp-json\/wp\/v2\/types\/post"}],"author":[{"embeddable":true,"href":"https:\/\/www.europesays.com\/fr\/wp-json\/wp\/v2\/users\/2"}],"replies":[{"embeddable":true,"href":"https:\/\/www.europesays.com\/fr\/wp-json\/wp\/v2\/comments?post=315036"}],"version-history":[{"count":0,"href":"https:\/\/www.europesays.com\/fr\/wp-json\/wp\/v2\/posts\/315036\/revisions"}],"wp:featuredmedia":[{"embeddable":true,"href":"https:\/\/www.europesays.com\/fr\/wp-json\/wp\/v2\/media\/315037"}],"wp:attachment":[{"href":"https:\/\/www.europesays.com\/fr\/wp-json\/wp\/v2\/media?parent=315036"}],"wp:term":[{"taxonomy":"category","embeddable":true,"href":"https:\/\/www.europesays.com\/fr\/wp-json\/wp\/v2\/categories?post=315036"},{"taxonomy":"post_tag","embeddable":true,"href":"https:\/\/www.europesays.com\/fr\/wp-json\/wp\/v2\/tags?post=315036"}],"curies":[{"name":"wp","href":"https:\/\/api.w.org\/{rel}","templated":true}]}}