{"id":315038,"date":"2025-08-12T23:49:17","date_gmt":"2025-08-12T23:49:17","guid":{"rendered":"https:\/\/www.europesays.com\/fr\/315038\/"},"modified":"2025-08-12T23:49:17","modified_gmt":"2025-08-12T23:49:17","slug":"deux-hommes-urinent-sur-une-femme-sans-abri-et-ses-enfants-devant-lhotel-de-ville-une-enquete-en-cours","status":"publish","type":"post","link":"https:\/\/www.europesays.com\/fr\/315038\/","title":{"rendered":"Deux hommes urinent sur une femme sans-abri et ses enfants devant l\u2019H\u00f4tel de Ville, une enqu\u00eate en cours"},"content":{"rendered":"<p><strong>RACISME &#8211; Le parquet a ouvert une enqu\u00eate pour violence en r\u00e9union apr\u00e8s que deux hommes ont urin\u00e9 sur une femme sans abri et ses enfants qui dormaient devant l\u2019H\u00f4tel de Ville \u00e0 Paris ce dimanche<\/strong><\/p>\n<p>Deux hommes d\u2019une vingtaine d\u2019ann\u00e9es ont <a href=\"https:\/\/www.20minutes.fr\/dossier\/urine?at_medium=RSS%20feed&amp;at_campaign=ynews&amp;utm_source=yahoo&amp;utm_medium=rss&amp;utm_campaign=news_feed&amp;utm_content=in_article_link\" rel=\"nofollow noopener\" target=\"_blank\" data-ylk=\"slk:urin\u00e9;elm:context_link;itc:0;sec:content-canvas\" class=\"link \">urin\u00e9<\/a> sur une femme <a href=\"https:\/\/www.20minutes.fr\/dossier\/sdf?at_medium=RSS%20feed&amp;at_campaign=ynews&amp;utm_source=yahoo&amp;utm_medium=rss&amp;utm_campaign=news_feed&amp;utm_content=in_article_link\" rel=\"nofollow noopener\" target=\"_blank\" data-ylk=\"slk:sans abri;elm:context_link;itc:0;sec:content-canvas\" class=\"link \">sans abri<\/a> <a href=\"https:\/\/www.20minutes.fr\/dossier\/enceinte?at_medium=RSS%20feed&amp;at_campaign=ynews&amp;utm_source=yahoo&amp;utm_medium=rss&amp;utm_campaign=news_feed&amp;utm_content=in_article_link\" rel=\"nofollow noopener\" target=\"_blank\" data-ylk=\"slk:enceinte;elm:context_link;itc:0;sec:content-canvas\" class=\"link \">enceinte<\/a> et ses enfants ce dimanche vers 1 heure du matin. La famille <a href=\"https:\/\/www.20minutes.fr\/societe\/4166875-20250806-paris-200-personnes-abri-passe-nuit-devant-hotel-ville-manifester-contre-manque-hebergement?at_medium=RSS%20feed&amp;at_campaign=ynews&amp;utm_source=yahoo&amp;utm_medium=rss&amp;utm_campaign=news_feed&amp;utm_content=in_article_link\" rel=\"nofollow noopener\" target=\"_blank\" data-ylk=\"slk:dormait devant l\u2019H\u00f4tel de Ville, \u00e0 Paris, dans le cadre d\u2019une mobilisation;elm:context_link;itc:0;sec:content-canvas\" class=\"link \">dormait devant l\u2019H\u00f4tel de Ville, \u00e0 Paris, dans le cadre d\u2019une mobilisation<\/a> lanc\u00e9e par Utopia 56 le 5 ao\u00fbt.<\/p>\n<p>Cet acte a imm\u00e9diatement \u00e9t\u00e9 d\u00e9nonc\u00e9 par l\u2019association, qui vient en aide aux personnes exil\u00e9es. Le parquet a confirm\u00e9 l\u2019ouverture d\u2019une <a href=\"https:\/\/www.20minutes.fr\/dossier\/enquete?at_medium=RSS%20feed&amp;at_campaign=ynews&amp;utm_source=yahoo&amp;utm_medium=rss&amp;utm_campaign=news_feed&amp;utm_content=in_article_link\" rel=\"nofollow noopener\" target=\"_blank\" data-ylk=\"slk:enqu\u00eate;elm:context_link;itc:0;sec:content-canvas\" class=\"link \">enqu\u00eate<\/a> pour violence en r\u00e9union, rapporte <a href=\"https:\/\/www.leparisien.fr\/paris-75\/un-degre-dinhumanite-franchi-a-paris-deux-hommes-urinent-sur-une-femme-sans-abri-et-ses-enfants-11-08-2025-GYAZZZGDEBCPLDKT7TUMVOJWMY.php?at_medium=RSS%20feed&amp;at_campaign=ynews&amp;utm_source=yahoo&amp;utm_medium=rss&amp;utm_campaign=news_feed&amp;utm_content=in_article_link\" rel=\"nofollow noopener\" target=\"_blank\" data-ylk=\"slk:Le Parisien;elm:context_link;itc:0;sec:content-canvas\" class=\"link \">Le Parisien<\/a>.<\/p>\n<blockquote placeholder=\"\" data-theme=\"light\" class=\"twitter-tweet\">\n<p>Cette nuit, vers une heure du matin, deux hommes d\u2019une vingtaine d\u2019ann\u00e9es ont urin\u00e9 sur une femme sans abri et ses enfants, endormis \u00e0 m\u00eame le sol, place de l\u2019H\u00f4tel de Ville \u00e0 Paris.<\/p>\n<p>Les faits sont d\u2019une extr\u00eame gravit\u00e9.<\/p>\n<p>\u2014 Utopia 56 (@Utopia_56) <a href=\"https:\/\/twitter.com\/Utopia_56\/status\/1954610740616188332?ref_src=twsrc%5Etfw\" rel=\"nofollow noopener\" target=\"_blank\" data-ylk=\"slk:August 10, 2025;elm:context_link;itc:0;sec:content-canvas\" class=\"link \">August 10, 2025<\/a><\/p>\n<\/blockquote>\n<p>Faits pr\u00e9m\u00e9dit\u00e9s et climat tendu<\/p>\n<p>La nuit des faits, plusieurs centaines de personnes migrantes sans-abri, surtout des femmes seules avec enfants et des p\u00e8res, passaient encore la nuit devant l\u2019H\u00f4tel de Ville en raison du manque de places dans les structures d\u2019<a href=\"https:\/\/www.20minutes.fr\/dossier\/hebergement_d_urgence?at_medium=RSS%20feed&amp;at_campaign=ynews&amp;utm_source=yahoo&amp;utm_medium=rss&amp;utm_campaign=news_feed&amp;utm_content=in_article_link\" rel=\"nofollow noopener\" target=\"_blank\" data-ylk=\"slk:h\u00e9bergement d\u2019urgence;elm:context_link;itc:0;sec:content-canvas\" class=\"link \">h\u00e9bergement d\u2019urgence<\/a>. Apr\u00e8s leur geste, les deux hommes ont pris la fuite \u00e0 l\u2019approche d\u2019un b\u00e9n\u00e9vole. L\u2019un d\u2019eux a malgr\u00e9 tout \u00e9t\u00e9 interpell\u00e9 par la <a href=\"https:\/\/www.20minutes.fr\/dossier\/police?at_medium=RSS%20feed&amp;at_campaign=ynews&amp;utm_source=yahoo&amp;utm_medium=rss&amp;utm_campaign=news_feed&amp;utm_content=in_article_link\" rel=\"nofollow noopener\" target=\"_blank\" data-ylk=\"slk:police;elm:context_link;itc:0;sec:content-canvas\" class=\"link \">police<\/a>.<\/p>\n<p>Le coordinateur d\u2019Utopia 56 a d\u00e9nonc\u00e9 un geste \u00ab pr\u00e9m\u00e9dit\u00e9 \u00bb et odieux. Il a aussi fait un lien entre cet acte et la multiplication des messages <a href=\"https:\/\/www.20minutes.fr\/dossier\/racisme?at_medium=RSS%20feed&amp;at_campaign=ynews&amp;utm_source=yahoo&amp;utm_medium=rss&amp;utm_campaign=news_feed&amp;utm_content=in_article_link\" rel=\"nofollow noopener\" target=\"_blank\" data-ylk=\"slk:racistes;elm:context_link;itc:0;sec:content-canvas\" class=\"link \">racistes<\/a> \u00e9manant de l\u2019extr\u00eame droite et visant les personnes sur place. \u00ab Au vu des t\u00e9moignages et de la tension ressentie sur le terrain, il appara\u00eet \u00e9vident qu\u2019il existe un lien entre ce climat et les faits survenus cette nuit \u00bb, selon le coordinateur.<\/p>\n<blockquote placeholder=\"\" data-theme=\"light\" class=\"twitter-tweet\">\n<p>Deux hommes URINENT sur une femme \u00e0 la rue et ses enfants. <\/p>\n<p>La l\u00e8pre raciste contamine tout. <\/p>\n<p>Cet acte ignoble doit faire l\u2019objet d\u2019une condamnation exemplaire. <\/p>\n<p>J\u2019adresse un signalement \u00e0 la Procureure de Paris au titre de l\u2019article 40 du Code de proc\u00e9dure p\u00e9nal. <a href=\"https:\/\/t.co\/HCIcD65Alb\" rel=\"nofollow noopener\" target=\"_blank\" data-ylk=\"slk:https:\/\/t.co\/HCIcD65Alb;elm:context_link;itc:0;sec:content-canvas\" class=\"link \">https:\/\/t.co\/HCIcD65Alb<\/a><\/p>\n<p>\u2014 Ian Brossat (@IanBrossat) <a href=\"https:\/\/twitter.com\/IanBrossat\/status\/1954858327504031833?ref_src=twsrc%5Etfw\" rel=\"nofollow noopener\" target=\"_blank\" data-ylk=\"slk:August 11, 2025;elm:context_link;itc:0;sec:content-canvas\" class=\"link \">August 11, 2025<\/a><\/p>\n<\/blockquote>\n<p>Le procureur saisi<\/p>\n<p>Utopia 56 a d\u00e9pos\u00e9 une main courante et fait un signalement aupr\u00e8s du procureur de la R\u00e9publique. La m\u00e8re, traumatis\u00e9e, n\u2019a pas port\u00e9 plainte pour ne pas s&rsquo;\u00ab ajouter des probl\u00e8mes \u00bb. Plusieurs responsables politiques o(&#8230;)<\/p>\n<p><a href=\"https:\/\/www.20minutes.fr\/faits_divers\/4167706-20250812-paris-deux-hommes-urinent-femme-abri-enfants-devant-hotel-ville-enquete-cours?at_medium=RSS%20feed&amp;at_campaign=ynews&amp;utm_source=yahoo&amp;utm_medium=rss&amp;utm_campaign=news_feed&amp;utm_content=read_more_link&quot;\" rel=\"nofollow noopener\" target=\"_blank\" data-ylk=\"slk:Lire la suite sur 20minutes;elm:context_link;itc:0;sec:content-canvas\" class=\"link \">Lire la suite sur 20minutes<\/a><\/p>\n<p>\u00c0 lire aussi :<br \/><a href=\"https:\/\/www.20minutes.fr\/societe\/4167624-20250812-canicule-elles-sentiment-etre-considerees-bordeaux-mairie-assure-suivi-personnes-agees-isolees?at_medium=RSS%20feed&amp;at_campaign=ynews&amp;utm_source=yahoo&amp;utm_medium=rss&amp;utm_campaign=news_feed&amp;utm_content=related_content_link\" rel=\"nofollow noopener\" target=\"_blank\" data-ylk=\"slk:Canicule : \u00ab Elles ont le sentiment d\u2019\u00eatre consid\u00e9r\u00e9es \u00bb\u2026 A Bordeaux, la mairie assure le suivi des personnes \u00e2g\u00e9es isol\u00e9es;elm:context_link;itc:0;sec:content-canvas\" class=\"link \">Canicule : \u00ab Elles ont le sentiment d\u2019\u00eatre consid\u00e9r\u00e9es \u00bb\u2026 A Bordeaux, la mairie assure le suivi des personnes \u00e2g\u00e9es isol\u00e9es<\/a><br \/><a href=\"https:\/\/www.20minutes.fr\/monde\/etats-unis\/4167482-20250811-etats-unis-trump-exige-abri-partent-immediatement-loin-washington?at_medium=RSS%20feed&amp;at_campaign=ynews&amp;utm_source=yahoo&amp;utm_medium=rss&amp;utm_campaign=news_feed&amp;utm_content=related_content_link\" rel=\"nofollow noopener\" target=\"_blank\" data-ylk=\"slk:Etats-Unis : Trump exige que les sans-abri partent \u00ab imm\u00e9diatement \u00bb et \u00ab loin \u00bb de Washington;elm:context_link;itc:0;sec:content-canvas\" class=\"link \">Etats-Unis : Trump exige que les sans-abri partent \u00ab imm\u00e9diatement \u00bb et \u00ab loin \u00bb de Washington<\/a><\/p>\n<p><script async src=\"https:\/\/platform.twitter.com\/widgets.js\" charset=\"utf-8\"><\/script><\/p>\n","protected":false},"excerpt":{"rendered":"RACISME &#8211; Le parquet a ouvert une enqu\u00eate pour violence en r\u00e9union apr\u00e8s que deux hommes ont urin\u00e9&hellip;\n","protected":false},"author":2,"featured_media":315039,"comment_status":"","ping_status":"","sticky":false,"template":"","format":"standard","meta":{"footnotes":""},"categories":[1888],"tags":[1111,1928,11,1927,1719,1777,674,1294,1011,27,12170,5553,18375,12,1926,626,1925,25,45405],"class_list":{"0":"post-315038","1":"post","2":"type-post","3":"status-publish","4":"format-standard","5":"has-post-thumbnail","7":"category-paris","8":"tag-actu","9":"tag-actu-paris","10":"tag-actualites","11":"tag-actualites-paris","12":"tag-enfants","13":"tag-eu","14":"tag-europe","15":"tag-femme","16":"tag-fr","17":"tag-france","18":"tag-lhotel","19":"tag-le-parisien","20":"tag-les-deux-hommes","21":"tag-news","22":"tag-news-paris","23":"tag-paris","24":"tag-paris-news","25":"tag-republique-francaise","26":"tag-une-heure-du-matin"},"share_on_mastodon":{"url":"https:\/\/pubeurope.com\/@fr\/115018476004346811","error":""},"_links":{"self":[{"href":"https:\/\/www.europesays.com\/fr\/wp-json\/wp\/v2\/posts\/315038","targetHints":{"allow":["GET"]}}],"collection":[{"href":"https:\/\/www.europesays.com\/fr\/wp-json\/wp\/v2\/posts"}],"about":[{"href":"https:\/\/www.europesays.com\/fr\/wp-json\/wp\/v2\/types\/post"}],"author":[{"embeddable":true,"href":"https:\/\/www.europesays.com\/fr\/wp-json\/wp\/v2\/users\/2"}],"replies":[{"embeddable":true,"href":"https:\/\/www.europesays.com\/fr\/wp-json\/wp\/v2\/comments?post=315038"}],"version-history":[{"count":0,"href":"https:\/\/www.europesays.com\/fr\/wp-json\/wp\/v2\/posts\/315038\/revisions"}],"wp:featuredmedia":[{"embeddable":true,"href":"https:\/\/www.europesays.com\/fr\/wp-json\/wp\/v2\/media\/315039"}],"wp:attachment":[{"href":"https:\/\/www.europesays.com\/fr\/wp-json\/wp\/v2\/media?parent=315038"}],"wp:term":[{"taxonomy":"category","embeddable":true,"href":"https:\/\/www.europesays.com\/fr\/wp-json\/wp\/v2\/categories?post=315038"},{"taxonomy":"post_tag","embeddable":true,"href":"https:\/\/www.europesays.com\/fr\/wp-json\/wp\/v2\/tags?post=315038"}],"curies":[{"name":"wp","href":"https:\/\/api.w.org\/{rel}","templated":true}]}}