{"id":315047,"date":"2025-08-12T23:54:11","date_gmt":"2025-08-12T23:54:11","guid":{"rendered":"https:\/\/www.europesays.com\/fr\/315047\/"},"modified":"2025-08-12T23:54:11","modified_gmt":"2025-08-12T23:54:11","slug":"les-etats-unis-offrent-5-millions-de-dollars-pour-larrestation-du-chef-de-gang-haitien-barbecue","status":"publish","type":"post","link":"https:\/\/www.europesays.com\/fr\/315047\/","title":{"rendered":"Les Etats-Unis offrent 5 millions de dollars pour l&rsquo;arrestation du chef de gang ha\u00eftien \u00ab\u00a0Barbecue\u00a0\u00bb"},"content":{"rendered":"<p>Les Etats-Unis ont annonc\u00e9 ce mardi offrir 5 millions de dollars en \u00e9change de l&rsquo;arrestation d&rsquo;un chef de gang ha\u00eftien, Jimmy Cherizier, dit \u00ab\u00a0Barbecue\u00a0\u00bb, accus\u00e9 d&rsquo;avoir viol\u00e9 des sanctions am\u00e9ricaines. <\/p>\n<p>Jimmy Cherizier, 48 ans, et un autre homme, Bazile Richardson, ont \u00e9t\u00e9 inculp\u00e9s pour avoir tent\u00e9 de transf\u00e9rer des fonds depuis les \u00c9tats-Unis vers Ha\u00efti afin de financer les activit\u00e9s d&rsquo;un gang, a d\u00e9clar\u00e9 le minist\u00e8re de la Justice. Lors d&rsquo;une conf\u00e9rence de presse la procureure de Washington a pr\u00e9cis\u00e9 les raisons de cette proposition de r\u00e9compense.<\/p>\n<blockquote class=\"ftvi_content_quote\">\n<p class=\"ftvi_citation_quote\">Une r\u00e9compense de 5 millions de dollars est offerte pour toute information menant \u00e0 l&rsquo;arrestation de Cherizier car il s&rsquo;agit d&rsquo;un chef de gang coupable d&rsquo;atroces violations des droits humains, notamment de violences contre des citoyens am\u00e9ricains en Ha\u00efti.<\/p>\n<p>Jeanine Pirro, procureure de Washington<\/p><\/blockquote>\n<p>Jimmy Cherizier est vis\u00e9 par des sanctions du d\u00e9partement am\u00e9ricain au Tr\u00e9sor depuis 2020, et <a target=\"_blank\" rel=\"noopener noreferrer nofollow\" href=\"https:\/\/la1ere.franceinfo.fr\/guadeloupe\/le-conseil-de-securite-de-l-onu-renouvelle-des-sanctions-contre-barbecue-chef-de-gang-haitien-1437374.html\">des sanctions de l&rsquo;ONU depuis 2022.<\/a>  Cet ancien policier dirige une alliance de gangs en Ha\u00efti baptis\u00e9e la \u00ab\u00a0famille G9\u00a0\u00bb, dont les membres sont accus\u00e9s de meurtre, vol, extorsion, viol, assassinats cibl\u00e9s, trafic de drogue et enl\u00e8vements. L&rsquo;ann\u00e9e derni\u00e8re, la \u00ab\u00a0famille G9\u00a0\u00bb a particip\u00e9 \u00e0 une attaque organis\u00e9e qui a conduit \u00e0 la <a target=\"_blank\" rel=\"noopener noreferrer nofollow\" href=\"https:\/\/la1ere.franceinfo.fr\/guadeloupe\/haiti-un-espoir-de-retour-au-calme-apres-la-demission-d-ariel-henry-1471686.html\">d\u00e9mission du Premier ministre Ariel Henry,<\/a> remplac\u00e9 par un conseil de transition fragile.<\/p>\n<p>Jimmy Cherizier et Bazile Richardson, un citoyen am\u00e9ricain naturalis\u00e9 qui a \u00e9t\u00e9 arr\u00eat\u00e9 au Texas le mois dernier, ont collect\u00e9 des fonds aupr\u00e8s de membres de la diaspora ha\u00eftienne aux \u00c9tats-Unis et ont fait transf\u00e9rer cet argent \u00e0 des interm\u00e9diaires dans ce pays des Cara\u00efbes, selon le minist\u00e8re de la Justice. \u00ab\u00a0Barbecue\u00a0\u00bb aurait utilis\u00e9 ces fonds pour payer les membres de son gang et acheter des armes \u00e0 feu.<\/p>\n<p>Ha\u00efti subit depuis longtemps la violence des bandes criminelles, dans un contexte d&rsquo;instabilit\u00e9 politique. Ces violences se sont encore intensifi\u00e9es d\u00e9but 2024 et plus de <a target=\"_blank\" rel=\"noopener noreferrer nofollow\" href=\"https:\/\/la1ere.franceinfo.fr\/guadeloupe\/plus-de-3-000-personnes-tuees-entre-janvier-et-juin-en-haiti-selon-l-onu-1604772.html\">3.000 personnes ont \u00e9t\u00e9 tu\u00e9es <\/a>durant les six premiers mois de 2025, selon l&rsquo;ONU.<\/p>\n","protected":false},"excerpt":{"rendered":"Les Etats-Unis ont annonc\u00e9 ce mardi offrir 5 millions de dollars en \u00e9change de l&rsquo;arrestation d&rsquo;un chef de&hellip;\n","protected":false},"author":2,"featured_media":315048,"comment_status":"","ping_status":"","sticky":false,"template":"","format":"standard","meta":{"footnotes":""},"categories":[1589],"tags":[11,73,1866,12,1864,1865,1863,308],"class_list":{"0":"post-315047","1":"post","2":"type-post","3":"status-publish","4":"format-standard","5":"has-post-thumbnail","7":"category-etats-unis","8":"tag-actualites","9":"tag-etats-unis","10":"tag-etats-unis-damerique","11":"tag-news","12":"tag-united-states","13":"tag-united-states-of-america","14":"tag-us","15":"tag-usa"},"share_on_mastodon":{"url":"https:\/\/pubeurope.com\/@fr\/115018495677071472","error":""},"_links":{"self":[{"href":"https:\/\/www.europesays.com\/fr\/wp-json\/wp\/v2\/posts\/315047","targetHints":{"allow":["GET"]}}],"collection":[{"href":"https:\/\/www.europesays.com\/fr\/wp-json\/wp\/v2\/posts"}],"about":[{"href":"https:\/\/www.europesays.com\/fr\/wp-json\/wp\/v2\/types\/post"}],"author":[{"embeddable":true,"href":"https:\/\/www.europesays.com\/fr\/wp-json\/wp\/v2\/users\/2"}],"replies":[{"embeddable":true,"href":"https:\/\/www.europesays.com\/fr\/wp-json\/wp\/v2\/comments?post=315047"}],"version-history":[{"count":0,"href":"https:\/\/www.europesays.com\/fr\/wp-json\/wp\/v2\/posts\/315047\/revisions"}],"wp:featuredmedia":[{"embeddable":true,"href":"https:\/\/www.europesays.com\/fr\/wp-json\/wp\/v2\/media\/315048"}],"wp:attachment":[{"href":"https:\/\/www.europesays.com\/fr\/wp-json\/wp\/v2\/media?parent=315047"}],"wp:term":[{"taxonomy":"category","embeddable":true,"href":"https:\/\/www.europesays.com\/fr\/wp-json\/wp\/v2\/categories?post=315047"},{"taxonomy":"post_tag","embeddable":true,"href":"https:\/\/www.europesays.com\/fr\/wp-json\/wp\/v2\/tags?post=315047"}],"curies":[{"name":"wp","href":"https:\/\/api.w.org\/{rel}","templated":true}]}}