{"id":315049,"date":"2025-08-12T23:55:09","date_gmt":"2025-08-12T23:55:09","guid":{"rendered":"https:\/\/www.europesays.com\/fr\/315049\/"},"modified":"2025-08-12T23:55:09","modified_gmt":"2025-08-12T23:55:09","slug":"yoann-richomme-en-deuxieme-position-entre-royaume-uni-et-pays-bas","status":"publish","type":"post","link":"https:\/\/www.europesays.com\/fr\/315049\/","title":{"rendered":"Yoann Richomme en deuxi\u00e8me position entre Royaume-Uni et Pays-Bas"},"content":{"rendered":"\n<p>Yoann Richomme et ses trois partenaires d\u2019\u00e9quipage sont actuellement en mer du Nord. Ils participent \u00e0 la premi\u00e8re \u00e9tape de l\u2019Ocean Race, un tour d\u2019Europe par \u00e9tapes. Le d\u00e9part a \u00e9t\u00e9 donn\u00e9 depuis l\u2019extr\u00eame nord de l\u2019Allemagne, \u00e0 Kiel. Les skippers doivent rejoindre Portsmouth, en Angleterre, pour boucler cette premi\u00e8re partie du voyage. \u00e0 l\u2019heure o\u00f9 nous bouclons notre \u00e9dition, la Team Paprec Ark\u00e9a du Varois Yoann Richomme se situe en deuxi\u00e8me position. 25 n\u0153uds marins les s\u00e9parent de la t\u00eate de course. Paul Meilhat et Biotherm occupent cette premi\u00e8re place, alors que les bateaux naviguent \u00e0 mi-chemin entre le Royaume-Uni et les Pays-Bas.<\/p>\n","protected":false},"excerpt":{"rendered":"Yoann Richomme et ses trois partenaires d\u2019\u00e9quipage sont actuellement en mer du Nord. Ils participent \u00e0 la premi\u00e8re&hellip;\n","protected":false},"author":2,"featured_media":315050,"comment_status":"","ping_status":"","sticky":false,"template":"","format":"standard","meta":{"footnotes":""},"categories":[1588],"tags":[11,1777,674,12,45406,473,1853,1851,1850,1852],"class_list":{"0":"post-315049","1":"post","2":"type-post","3":"status-publish","4":"format-standard","5":"has-post-thumbnail","7":"category-royaume-uni","8":"tag-actualites","9":"tag-eu","10":"tag-europe","11":"tag-news","12":"tag-pierre-gorce","13":"tag-royaume-uni","14":"tag-royaume-uni-de-grande-bretagne-et-dirlande-du-nord","15":"tag-uk","16":"tag-united-kingdom","17":"tag-united-kingdom-of-great-britain-and-northern-ireland"},"share_on_mastodon":{"url":"https:\/\/pubeurope.com\/@fr\/115018499789500087","error":""},"_links":{"self":[{"href":"https:\/\/www.europesays.com\/fr\/wp-json\/wp\/v2\/posts\/315049","targetHints":{"allow":["GET"]}}],"collection":[{"href":"https:\/\/www.europesays.com\/fr\/wp-json\/wp\/v2\/posts"}],"about":[{"href":"https:\/\/www.europesays.com\/fr\/wp-json\/wp\/v2\/types\/post"}],"author":[{"embeddable":true,"href":"https:\/\/www.europesays.com\/fr\/wp-json\/wp\/v2\/users\/2"}],"replies":[{"embeddable":true,"href":"https:\/\/www.europesays.com\/fr\/wp-json\/wp\/v2\/comments?post=315049"}],"version-history":[{"count":0,"href":"https:\/\/www.europesays.com\/fr\/wp-json\/wp\/v2\/posts\/315049\/revisions"}],"wp:featuredmedia":[{"embeddable":true,"href":"https:\/\/www.europesays.com\/fr\/wp-json\/wp\/v2\/media\/315050"}],"wp:attachment":[{"href":"https:\/\/www.europesays.com\/fr\/wp-json\/wp\/v2\/media?parent=315049"}],"wp:term":[{"taxonomy":"category","embeddable":true,"href":"https:\/\/www.europesays.com\/fr\/wp-json\/wp\/v2\/categories?post=315049"},{"taxonomy":"post_tag","embeddable":true,"href":"https:\/\/www.europesays.com\/fr\/wp-json\/wp\/v2\/tags?post=315049"}],"curies":[{"name":"wp","href":"https:\/\/api.w.org\/{rel}","templated":true}]}}