{"id":31505,"date":"2025-04-17T11:01:11","date_gmt":"2025-04-17T11:01:11","guid":{"rendered":"https:\/\/www.europesays.com\/fr\/31505\/"},"modified":"2025-04-17T11:01:11","modified_gmt":"2025-04-17T11:01:11","slug":"luxe-comment-bernard-arnault-a-perdu-plus-de-12-milliards-de-dollars-en-une-journee","status":"publish","type":"post","link":"https:\/\/www.europesays.com\/fr\/31505\/","title":{"rendered":"Luxe. Comment Bernard Arnault a perdu plus de 12 milliards de dollars en une journ\u00e9e"},"content":{"rendered":"<p>Un mardi noir pour Bernard Arnault&#8230; Le milliardaire fran\u00e7ais, propri\u00e9taire de LVMH, a vu fondre sa fortune de pr\u00e8s de 12,3 milliards de dollars pour la seule journ\u00e9e de mardi 15 avril 2025.<\/p>\n<p>Septi\u00e8me fortune mondiale<\/p>\n<p>R\u00e9sultat de ces mauvais chiffres en Bourse, le Fran\u00e7ais a \u00e9t\u00e9 r\u00e9trograd\u00e9 au rang de 7e fortune mondiale selon l&rsquo;indice <a href=\"https:\/\/www.bloomberg.com\/billionaires\/?sref=gu9RiAAZ\" target=\"_blank\" rel=\"nofollow noopener\">Bloomberg<\/a>, alors qu\u2019il figurait encore \u00e0 la 5e place d\u00e9but avril. Son patrimoine n&rsquo;est d\u00e9sormais plus \u201cque\u201d de 151 milliards de dollars.<a href=\"https:\/\/www.ledauphine.com\/economie\/2024\/04\/03\/taylor-swift-11-nouveaux-francais-cinq-surprises-du-classement-des-milliardaires-2024\" target=\"_blank\" rel=\"nofollow noopener\"> Il y a quasiment un an jour pour jour<\/a>, le magazine Forbes estimait sa fortune \u00e0 plus de 230 milliards de dollars (environ 213 milliards d\u2019euros) et figurait tout en haut du podium des fortunes mondiales.<\/p>\n<p>Le voil\u00e0 d\u00e9sormais derri\u00e8re <a href=\"https:\/\/www.ledauphine.com\/p\/elon-musk\" target=\"_blank\" rel=\"nofollow noopener\">Elon Musk<\/a> (313 milliards), <a href=\"https:\/\/www.ledauphine.com\/p\/jeff-bezos\" target=\"_blank\" rel=\"nofollow noopener\">Jeff Bezos<\/a> (201 milliards), <a href=\"https:\/\/www.ledauphine.com\/p\/mark-zuckerberg\" target=\"_blank\" rel=\"nofollow noopener\">Mark Zuckerberg<\/a> (185 milliards), Warren Buffett (165 milliards), <a href=\"https:\/\/www.ledauphine.com\/p\/bill-gates\" target=\"_blank\" rel=\"nofollow noopener\">Bill Gates<\/a> (159 milliards) et Larry Ellison d&rsquo;Oracle (156 milliards).<\/p>\n<p>Pourquoi cette chute ?<\/p>\n<p>Ce retournement est intervenu apr\u00e8s la chute en Bourse de LVMH mardi (-7,82% sur la s\u00e9ance), sanctionn\u00e9 par le march\u00e9 au lendemain de la publication de ses ventes pour le premier trimestre, jug\u00e9es d\u00e9cevantes par les analystes.<\/p>\n<p>Apr\u00e8s une ann\u00e9e 2024 frein\u00e9e par la faible demande en Chine, un de ses principaux march\u00e9s, le groupe fait face aux <a href=\"https:\/\/www.ledauphine.com\/economie\/2025\/04\/16\/droits-de-douane-hong-kong-suspend-l-envoi-de-colis-pour-les-americains\" target=\"_blank\" rel=\"nofollow noopener\">incertitudes g\u00e9opolitiques, notamment aux Etats-Unis<\/a>, o\u00f9 il est confront\u00e9 \u00e0 \u00ab une l\u00e9g\u00e8re baisse \u00bb de son chiffre d&rsquo;affaires, selon l&rsquo;entreprise, et \u00e0 une hausse des droits de douane.\u00a0\u00c0 la Bourse de Paris, depuis d\u00e9but janvier, le titre LVMH a baiss\u00e9 de plus de 23 %.<\/p>\n<p>  Herm\u00e8s en embuscade<\/p>\n<p>Cette d\u00e9gringolade fait en tout cas un heureux : le grand rival du luxe fran\u00e7ais Herm\u00e8s a d\u00e9tron\u00e9 LVMH, devenant la premi\u00e8re capitalisation boursi\u00e8re \u00e0 la cl\u00f4ture du CAC 40, l&rsquo;indice vedette de la Bourse de Paris, mais aussi la soci\u00e9t\u00e9 de luxe la plus valoris\u00e9e au monde.\u00a0La valorisation d&rsquo;Herm\u00e8s en Bourse a atteint ainsi 248,60 milliards d&rsquo;euros, contre 244,39 milliards d&rsquo;euros pour le num\u00e9ro un mondial du luxe LVMH.<\/p>\n","protected":false},"excerpt":{"rendered":"Un mardi noir pour Bernard Arnault&#8230; Le milliardaire fran\u00e7ais, propri\u00e9taire de LVMH, a vu fondre sa fortune de&hellip;\n","protected":false},"author":2,"featured_media":31506,"comment_status":"","ping_status":"","sticky":false,"template":"","format":"standard","meta":{"footnotes":""},"categories":[2],"tags":[11,33,107,3183,1011,27,329,12],"class_list":{"0":"post-31505","1":"post","2":"type-post","3":"status-publish","4":"format-standard","5":"has-post-thumbnail","7":"category-actualites","8":"tag-actualites","9":"tag-economie","10":"tag-fil-info","11":"tag-finance-et-fiscalite","12":"tag-fr","13":"tag-france","14":"tag-france-monde","15":"tag-news"},"share_on_mastodon":{"url":"https:\/\/pubeurope.com\/@fr\/114352965755922272","error":""},"_links":{"self":[{"href":"https:\/\/www.europesays.com\/fr\/wp-json\/wp\/v2\/posts\/31505","targetHints":{"allow":["GET"]}}],"collection":[{"href":"https:\/\/www.europesays.com\/fr\/wp-json\/wp\/v2\/posts"}],"about":[{"href":"https:\/\/www.europesays.com\/fr\/wp-json\/wp\/v2\/types\/post"}],"author":[{"embeddable":true,"href":"https:\/\/www.europesays.com\/fr\/wp-json\/wp\/v2\/users\/2"}],"replies":[{"embeddable":true,"href":"https:\/\/www.europesays.com\/fr\/wp-json\/wp\/v2\/comments?post=31505"}],"version-history":[{"count":0,"href":"https:\/\/www.europesays.com\/fr\/wp-json\/wp\/v2\/posts\/31505\/revisions"}],"wp:featuredmedia":[{"embeddable":true,"href":"https:\/\/www.europesays.com\/fr\/wp-json\/wp\/v2\/media\/31506"}],"wp:attachment":[{"href":"https:\/\/www.europesays.com\/fr\/wp-json\/wp\/v2\/media?parent=31505"}],"wp:term":[{"taxonomy":"category","embeddable":true,"href":"https:\/\/www.europesays.com\/fr\/wp-json\/wp\/v2\/categories?post=31505"},{"taxonomy":"post_tag","embeddable":true,"href":"https:\/\/www.europesays.com\/fr\/wp-json\/wp\/v2\/tags?post=31505"}],"curies":[{"name":"wp","href":"https:\/\/api.w.org\/{rel}","templated":true}]}}