{"id":315051,"date":"2025-08-12T23:56:18","date_gmt":"2025-08-12T23:56:18","guid":{"rendered":"https:\/\/www.europesays.com\/fr\/315051\/"},"modified":"2025-08-12T23:56:18","modified_gmt":"2025-08-12T23:56:18","slug":"la-pologne-rejette-lidee-de-patrouilles-frontalieres-conjointes-avec-lallemagne","status":"publish","type":"post","link":"https:\/\/www.europesays.com\/fr\/315051\/","title":{"rendered":"La Pologne rejette l\u2019id\u00e9e de patrouilles frontali\u00e8res conjointes avec l\u2019Allemagne"},"content":{"rendered":"<p style=\"text-align: left\"><strong>Le ministre polonais de la D\u00e9fense, W\u0142adys\u0142aw Kosiniak-Kamysz (PSL, Parti populaire europ\u00e9en\/PPE), a fermement rejet\u00e9 la proposition allemande de mettre en place des contr\u00f4les conjoints \u00e0 la fronti\u00e8re entre les deux pays.<\/strong><\/p>\n<p style=\"text-align: left\">La Pologne a r\u00e9cemment instaur\u00e9 des contr\u00f4les \u00e0 ses fronti\u00e8res avec l\u2019Allemagne et la Lituanie en r\u00e9action \u00e0 l\u2019afflux de migrants en situation irr\u00e9guli\u00e8re en provenance de Lituanie et aux informations selon lesquelles l\u2019Allemagne renvoyait des migrants ill\u00e9gaux vers la Pologne. En r\u00e9ponse, le ministre allemand de l\u2019Int\u00e9rieur, Alexander Dobrindt (CSU, PPE), a propos\u00e9 que Varsovie et Berlin mettent en place des contr\u00f4les frontaliers conjoints.<\/p>\n<p style=\"text-align: left\">Mais cette proposition a suscit\u00e9 la col\u00e8re du chef du minist\u00e8re polonais de la D\u00e9fense. \u00ab\u2009Non, non\u2009! Il n\u2019y aura pas de patrouilles conjointes\u2009\u00bb, a assur\u00e9 W\u0142adys\u0142aw Kosiniak-Kamysz sur TVN24. \u00ab\u2009Du c\u00f4t\u00e9 allemand, il y a des patrouilles allemandes\u2009; du c\u00f4t\u00e9 polonais, il y aura des patrouilles polonaises. Le ministre allemand ne nous dira pas ce que nous devons faire en Pologne. Avec sympathie, avec respect, mais nous prot\u00e9gerons [nous-m\u00eames] les fronti\u00e8res polonaises.\u2009\u00bb<\/p>\n<p style=\"text-align: left\">Par ailleurs, sous l\u2019\u00e9gide du \u00ab\u2009Mouvement de d\u00e9fense des fronti\u00e8res\u2009\u00bb \u2014 r\u00e9cemment cr\u00e9\u00e9 par l\u2019activiste d\u2019extr\u00eame droite Robert B\u0105kiewicz \u2014 des \u00ab\u2009patrouilles citoyennes\u2009\u00bb ont \u00e9t\u00e9 organis\u00e9es ces derniers jours aux fronti\u00e8res occidentales de la Pologne. Selon l\u2019organisation, ces patrouilles visent \u00e0 emp\u00eacher l\u2019immigration clandestine.<\/p>\n<p style=\"text-align: left\">En r\u00e9ponse, W\u0142adys\u0142aw Kosiniak-Kamysz a d\u00e9clar\u00e9 sur TVN24 que les fronti\u00e8res polonaises sont prot\u00e9g\u00e9es par les services polonais et qu\u2019il n\u2019y a pas besoin de formations paramilitaires dans ces zones. Il a ajout\u00e9 que se faire passer pour des agents est une violation de la loi et doit \u00eatre puni. Les \u00ab\u2009contr\u00f4les citoyens\u2009\u00bb ont \u00e9galement \u00e9t\u00e9 condamn\u00e9s par des experts en s\u00e9curit\u00e9.<\/p>\n<p style=\"text-align: left\">\u00ab\u2009Si quelqu\u2019un veut prot\u00e9ger la fronti\u00e8re, nous l\u2019invitons \u00e0 rejoindre les gardes-fronti\u00e8res\u2009\u00bb, a d\u00e9clar\u00e9 le ministre.<\/p>\n<p>[\u00c9dit\u00e9 par Anne-Sophie Gayet]<\/p>\n","protected":false},"excerpt":{"rendered":"Le ministre polonais de la D\u00e9fense, W\u0142adys\u0142aw Kosiniak-Kamysz (PSL, Parti populaire europ\u00e9en\/PPE), a fermement rejet\u00e9 la proposition allemande&hellip;\n","protected":false},"author":2,"featured_media":315052,"comment_status":"","ping_status":"","sticky":false,"template":"","format":"standard","meta":{"footnotes":""},"categories":[1587],"tags":[11,672,1804,1805,1803,1777,674,1801,12,1802],"class_list":{"0":"post-315051","1":"post","2":"type-post","3":"status-publish","4":"format-standard","5":"has-post-thumbnail","7":"category-allemagne","8":"tag-actualites","9":"tag-allemagne","10":"tag-bundesrepublik-deutschland","11":"tag-de","12":"tag-deutschland","13":"tag-eu","14":"tag-europe","15":"tag-germany","16":"tag-news","17":"tag-republique-federale-dallemagne"},"share_on_mastodon":{"url":"https:\/\/pubeurope.com\/@fr\/115018503542705589","error":""},"_links":{"self":[{"href":"https:\/\/www.europesays.com\/fr\/wp-json\/wp\/v2\/posts\/315051","targetHints":{"allow":["GET"]}}],"collection":[{"href":"https:\/\/www.europesays.com\/fr\/wp-json\/wp\/v2\/posts"}],"about":[{"href":"https:\/\/www.europesays.com\/fr\/wp-json\/wp\/v2\/types\/post"}],"author":[{"embeddable":true,"href":"https:\/\/www.europesays.com\/fr\/wp-json\/wp\/v2\/users\/2"}],"replies":[{"embeddable":true,"href":"https:\/\/www.europesays.com\/fr\/wp-json\/wp\/v2\/comments?post=315051"}],"version-history":[{"count":0,"href":"https:\/\/www.europesays.com\/fr\/wp-json\/wp\/v2\/posts\/315051\/revisions"}],"wp:featuredmedia":[{"embeddable":true,"href":"https:\/\/www.europesays.com\/fr\/wp-json\/wp\/v2\/media\/315052"}],"wp:attachment":[{"href":"https:\/\/www.europesays.com\/fr\/wp-json\/wp\/v2\/media?parent=315051"}],"wp:term":[{"taxonomy":"category","embeddable":true,"href":"https:\/\/www.europesays.com\/fr\/wp-json\/wp\/v2\/categories?post=315051"},{"taxonomy":"post_tag","embeddable":true,"href":"https:\/\/www.europesays.com\/fr\/wp-json\/wp\/v2\/tags?post=315051"}],"curies":[{"name":"wp","href":"https:\/\/api.w.org\/{rel}","templated":true}]}}