{"id":315055,"date":"2025-08-12T23:58:13","date_gmt":"2025-08-12T23:58:13","guid":{"rendered":"https:\/\/www.europesays.com\/fr\/315055\/"},"modified":"2025-08-12T23:58:13","modified_gmt":"2025-08-12T23:58:13","slug":"multimedia-des-hauts-responsables-de-lue-et-24-ministres-des-a-e-sengagent-a-agir-durgence-pour-mettre-fin-a-la-famine-a-gaza-xinhua","status":"publish","type":"post","link":"https:\/\/www.europesays.com\/fr\/315055\/","title":{"rendered":"(Multim\u00e9dia) Des hauts responsables de l&rsquo;UE et 24 ministres des A. E s&rsquo;engagent \u00e0 agir d&rsquo;urgence pour mettre fin \u00e0 la famine \u00e0 Gaza &#8211; Xinhua"},"content":{"rendered":"<p><img decoding=\"async\" controls=\"controls\" src=\"https:\/\/www.europesays.com\/fr\/wp-content\/uploads\/2025\/08\/202508132883d550b4b94fa2acfb62e6f89e6f70_CbsbffF007016_20250813_CBMFN0A001.JPG\"\/>Des Palestiniens participent \u00e0 un rassemblement contre la guerre en cours dans la bande de Gaza et les politiques de famine impos\u00e9es aux Gazaouis sur la place Manger, dans la ville de Bethl\u00e9em, en Cisjordanie, le 26 juillet 2025. (Xinhua\/Mamoun Wazwaz)<\/p>\n<p><strong>Vingt-quatre ministres des Affaires \u00e9trang\u00e8res du Royaume-Uni, de France, d&rsquo;Australie et d&rsquo;autres pays se sont conjointement engag\u00e9s mardi \u00e0 r\u00e9tablir l&rsquo;entr\u00e9e de l&rsquo;aide humanitaire dans la bande de Gaza, soulignant que la souffrance humanitaire \u00e0 Gaza avait atteint des niveaux \u00ab\u00a0inimaginables\u00a0\u00bb.<\/strong><\/p>\n<p>LONDRES \/ BRUXELLES, 12 ao\u00fbt (Xinhua) &#8212; Vingt-quatre ministres des Affaires \u00e9trang\u00e8res du Royaume-Uni, de France, d&rsquo;Australie et d&rsquo;autres pays se sont conjointement engag\u00e9s mardi \u00e0 r\u00e9tablir l&rsquo;entr\u00e9e de l&rsquo;aide humanitaire dans la bande de Gaza, soulignant que la souffrance humanitaire \u00e0 Gaza avait atteint des niveaux \u00ab\u00a0inimaginables\u00a0\u00bb.<\/p>\n<p>\u00ab\u00a0L&rsquo;espace humanitaire doit \u00eatre prot\u00e9g\u00e9, et l&rsquo;aide ne doit jamais \u00eatre politis\u00e9e\u00a0\u00bb \u00e0 Gaza, ont d\u00e9clar\u00e9 les ministres dans un communiqu\u00e9 en ligne cosign\u00e9 par de hauts responsables de l&rsquo;Union europ\u00e9enne (UE).<\/p>\n<p>Ils ont alert\u00e9 sur l&rsquo;\u00e9tat de famine dans l&rsquo;enclave, affirmant qu&rsquo;il \u00e9tait \u00ab\u00a0n\u00e9cessaire d&rsquo;agir de toute urgence pour mettre fin \u00e0 la famine\u00a0\u00bb. Les ministres ont exhort\u00e9 le gouvernement isra\u00e9lien \u00e0 laisser passer tous les convois d&rsquo;aide des organisations internationales non gouvernementales et \u00e0 cesser de bloquer les activit\u00e9s des acteurs humanitaires essentiels. \u00ab\u00a0Tous les points de passage et toutes les routes doivent \u00eatre utilis\u00e9s pour permettre un afflux d&rsquo;aide \u00e0 Gaza, notamment sous forme de nourriture, de produits nutritionnels, d&rsquo;abris, de carburant, d&rsquo;eau potable, de m\u00e9dicaments et de mat\u00e9riel m\u00e9dical\u00a0\u00bb, selon le communiqu\u00e9.<\/p>\n<p>Cet appel survient dans un contexte de crise humanitaire sans pr\u00e9c\u00e9dent \u00e0 Gaza, une crise qui n&rsquo;a cess\u00e9 de s&rsquo;aggraver depuis que les autorit\u00e9s isra\u00e9liennes ont ferm\u00e9 tous les points de passage vers la bande de Gaza au mois de mars.<\/p>\n<p>Parmi les signataires de la d\u00e9claration figurent les ministres des Affaires \u00e9trang\u00e8res du Royaume-Uni, de l&rsquo;Australie, de la Belgique, du Canada, de Chypre, du Danemark, de l&rsquo;Estonie, de la Finlande, de la France, de la Gr\u00e8ce, de l&rsquo;Islande, de l&rsquo;Irlande, du Japon, de la Lituanie, du Luxembourg, de Malte, des Pays-Bas, de la Norv\u00e8ge, du Portugal, de la Slovaquie, de la Slov\u00e9nie, de l&rsquo;Espagne, de la Su\u00e8de et de la Suisse.\u00a0<\/p>\n<p>Les responsables de l&rsquo;UE ayant sign\u00e9 la d\u00e9claration comprennent Kaja Kallas, haute repr\u00e9sentante de l&rsquo;UE pour les Affaires \u00e9trang\u00e8res et la Politique de s\u00e9curit\u00e9 et vice-pr\u00e9sidente de la Commission europ\u00e9enne, Dubravka Suica, commissaire europ\u00e9enne charg\u00e9e de la M\u00e9diterran\u00e9e, et Hadja Lahbib, commissaire europ\u00e9enne charg\u00e9e de l&rsquo;\u00e9galit\u00e9, de l&rsquo;\u00e9tat de pr\u00e9paration et de la gestion des crises.<\/p>\n<p>Mardi, alors que les Forces de d\u00e9fense isra\u00e9liennes faisaient \u00e9tat d&rsquo;op\u00e9rations en cours \u00e0 Gaza, les h\u00f4pitaux de la ville ont signal\u00e9 cinq d\u00e9c\u00e8s dus \u00e0 la famine et \u00e0 la malnutrition au cours des derni\u00e8res 24 heures, dont deux enfants. Cela porte le total des d\u00e9c\u00e8s li\u00e9s \u00e0 la famine et \u00e0 la malnutrition depuis octobre 2023 \u00e0 227, dont 103 enfants.<\/p>\n","protected":false},"excerpt":{"rendered":"Des Palestiniens participent \u00e0 un rassemblement contre la guerre en cours dans la bande de Gaza et les&hellip;\n","protected":false},"author":2,"featured_media":315056,"comment_status":"","ping_status":"","sticky":false,"template":"","format":"standard","meta":{"footnotes":""},"categories":[1586],"tags":[11,1777,674,1779,1011,27,665,12,25,1778,364],"class_list":{"0":"post-315055","1":"post","2":"type-post","3":"status-publish","4":"format-standard","5":"has-post-thumbnail","7":"category-europe","8":"tag-actualites","9":"tag-eu","10":"tag-europe","11":"tag-european-union","12":"tag-fr","13":"tag-france","14":"tag-gaza","15":"tag-news","16":"tag-republique-francaise","17":"tag-ue","18":"tag-union-europeenne"},"share_on_mastodon":{"url":"https:\/\/pubeurope.com\/@fr\/115018511526139623","error":""},"_links":{"self":[{"href":"https:\/\/www.europesays.com\/fr\/wp-json\/wp\/v2\/posts\/315055","targetHints":{"allow":["GET"]}}],"collection":[{"href":"https:\/\/www.europesays.com\/fr\/wp-json\/wp\/v2\/posts"}],"about":[{"href":"https:\/\/www.europesays.com\/fr\/wp-json\/wp\/v2\/types\/post"}],"author":[{"embeddable":true,"href":"https:\/\/www.europesays.com\/fr\/wp-json\/wp\/v2\/users\/2"}],"replies":[{"embeddable":true,"href":"https:\/\/www.europesays.com\/fr\/wp-json\/wp\/v2\/comments?post=315055"}],"version-history":[{"count":0,"href":"https:\/\/www.europesays.com\/fr\/wp-json\/wp\/v2\/posts\/315055\/revisions"}],"wp:featuredmedia":[{"embeddable":true,"href":"https:\/\/www.europesays.com\/fr\/wp-json\/wp\/v2\/media\/315056"}],"wp:attachment":[{"href":"https:\/\/www.europesays.com\/fr\/wp-json\/wp\/v2\/media?parent=315055"}],"wp:term":[{"taxonomy":"category","embeddable":true,"href":"https:\/\/www.europesays.com\/fr\/wp-json\/wp\/v2\/categories?post=315055"},{"taxonomy":"post_tag","embeddable":true,"href":"https:\/\/www.europesays.com\/fr\/wp-json\/wp\/v2\/tags?post=315055"}],"curies":[{"name":"wp","href":"https:\/\/api.w.org\/{rel}","templated":true}]}}