{"id":315060,"date":"2025-08-13T00:01:12","date_gmt":"2025-08-13T00:01:12","guid":{"rendered":"https:\/\/www.europesays.com\/fr\/315060\/"},"modified":"2025-08-13T00:01:12","modified_gmt":"2025-08-13T00:01:12","slug":"macron-reconnait-la-guerre-menee-par-la-france-pendant-la-decolonisation","status":"publish","type":"post","link":"https:\/\/www.europesays.com\/fr\/315060\/","title":{"rendered":"Macron reconna\u00eet la \u00ab guerre \u00bb men\u00e9e par la France pendant la d\u00e9colonisation"},"content":{"rendered":"<p><strong>m\u00e9moire &#8211; Emmanuel Macron a admis que la France a men\u00e9 \u00ab\u00a0une guerre\u00a0\u00bb au Cameroun avant et apr\u00e8s 1960, causant \u00ab\u00a0des dizaines de milliers de victimes\u00a0\u00bb<\/strong><\/p>\n<p>Pour la premi\u00e8re fois, un pr\u00e9sident fran\u00e7ais a reconnu que la <a href=\"https:\/\/www.20minutes.fr\/france\/?at_medium=RSS%20feed&amp;at_campaign=ynews&amp;utm_source=yahoo&amp;utm_medium=rss&amp;utm_campaign=news_feed&amp;utm_content=in_article_link\" rel=\"nofollow noopener\" target=\"_blank\" data-ylk=\"slk:France;elm:context_link;itc:0;sec:content-canvas\" class=\"link \">France<\/a> a men\u00e9 \u00ab\u00a0une <a href=\"https:\/\/www.20minutes.fr\/dossier\/guerre?at_medium=RSS%20feed&amp;at_campaign=ynews&amp;utm_source=yahoo&amp;utm_medium=rss&amp;utm_campaign=news_feed&amp;utm_content=in_article_link\" rel=\"nofollow noopener\" target=\"_blank\" data-ylk=\"slk:guerre;elm:context_link;itc:0;sec:content-canvas\" class=\"link \">guerre<\/a>\u00a0\u00bb au <a href=\"https:\/\/www.20minutes.fr\/dossier\/cameroun?at_medium=RSS%20feed&amp;at_campaign=ynews&amp;utm_source=yahoo&amp;utm_medium=rss&amp;utm_campaign=news_feed&amp;utm_content=in_article_link\" rel=\"nofollow noopener\" target=\"_blank\" data-ylk=\"slk:Cameroun;elm:context_link;itc:0;sec:content-canvas\" class=\"link \">Cameroun<\/a> contre les mouvements insurrectionnels, avant et apr\u00e8s l\u2019ind\u00e9pendance de\u00a01960. Emmanuel Macron acte ainsi un tournant historique dans la m\u00e9moire <a href=\"https:\/\/www.20minutes.fr\/monde\/colonisation\/?at_medium=RSS%20feed&amp;at_campaign=ynews&amp;utm_source=yahoo&amp;utm_medium=rss&amp;utm_campaign=news_feed&amp;utm_content=in_article_link\" rel=\"nofollow noopener\" target=\"_blank\" data-ylk=\"slk:coloniale;elm:context_link;itc:0;sec:content-canvas\" class=\"link \">coloniale<\/a> fran\u00e7aise, en assumant \u00ab\u00a0le r\u00f4le et la responsabilit\u00e9 de la France dans ces \u00e9v\u00e9nements\u00a0\u00bb.<\/p>\n<p>Dans une lettre adress\u00e9e \u00e0 son homologue camerounais Paul Biya et rendue publique mardi, le chef de l\u2019Etat endosse les conclusions d\u2019un rapport d\u2019historiens remis en janvier. Ce document met en \u00e9vidence qu\u2019\u00ab\u00a0une guerre avait eu lieu au Cameroun, au cours de laquelle les autorit\u00e9s coloniales et l\u2019<a href=\"https:\/\/www.20minutes.fr\/dossier\/armee-francaise?at_medium=RSS%20feed&amp;at_campaign=ynews&amp;utm_source=yahoo&amp;utm_medium=rss&amp;utm_campaign=news_feed&amp;utm_content=in_article_link\" rel=\"nofollow noopener\" target=\"_blank\" data-ylk=\"slk:arm\u00e9e fran\u00e7aise;elm:context_link;itc:0;sec:content-canvas\" class=\"link \">arm\u00e9e fran\u00e7aise<\/a> ont exerc\u00e9 des <a href=\"https:\/\/www.20minutes.fr\/monde\/violences\/?at_medium=RSS%20feed&amp;at_campaign=ynews&amp;utm_source=yahoo&amp;utm_medium=rss&amp;utm_campaign=news_feed&amp;utm_content=in_article_link\" rel=\"nofollow noopener\" target=\"_blank\" data-ylk=\"slk:violences;elm:context_link;itc:0;sec:content-canvas\" class=\"link \">violences<\/a> r\u00e9pressives de nature multiple\u00a0\u00bb. Le pr\u00e9sident fran\u00e7ais souligne que ce conflit s\u2019est poursuivi \u00ab\u00a0au-del\u00e0 de\u00a01960 avec l\u2019appui de la France aux actions men\u00e9es par les autorit\u00e9s camerounaises ind\u00e9pendantes\u00a0\u00bb.<\/p>\n<p>La finalit\u00e9 de travaux engag\u00e9s en\u00a02022<\/p>\n<p>Cette reconnaissance s\u2019inscrit dans la continuit\u00e9 des travaux engag\u00e9s en\u00a02022, lorsque Emmanuel Macron avait annonc\u00e9 \u00e0 Yaound\u00e9 la cr\u00e9ation d\u2019une commission mixte franco-camerounaise. Copr\u00e9sid\u00e9e par l\u2019historienne Karine Ramondy, elle a travaill\u00e9 sur la p\u00e9riode 1945-1971, dans la lign\u00e9e d\u2019autres rapports sur le <a href=\"https:\/\/www.20minutes.fr\/monde\/rwanda\/?at_medium=RSS%20feed&amp;at_campaign=ynews&amp;utm_source=yahoo&amp;utm_medium=rss&amp;utm_campaign=news_feed&amp;utm_content=in_article_link\" rel=\"nofollow noopener\" target=\"_blank\" data-ylk=\"slk:Rwanda;elm:context_link;itc:0;sec:content-canvas\" class=\"link \">Rwanda<\/a> et l\u2019<a href=\"https:\/\/www.20minutes.fr\/dossier\/algerie?at_medium=RSS%20feed&amp;at_campaign=ynews&amp;utm_source=yahoo&amp;utm_medium=rss&amp;utm_campaign=news_feed&amp;utm_content=in_article_link\" rel=\"nofollow noopener\" target=\"_blank\" data-ylk=\"slk:Alg\u00e9rie;elm:context_link;itc:0;sec:content-canvas\" class=\"link \">Alg\u00e9rie<\/a>.<\/p>\n<p>Le rapport, long de plus de mille pages, retrace le glissement d\u2019une r\u00e9pression coloniale vers un v\u00e9ritable conflit arm\u00e9 entre\u00a01956 et\u00a01961. Les chercheurs estiment que cette guerre a caus\u00e9 \u00ab\u00a0des dizaines de milliers de victimes\u00a0\u00bb. L(&#8230;)<\/p>\n<p><a href=\"https:\/\/www.20minutes.fr\/politique\/4167739-20250813-cameroun-macron-reconnait-guerre-menee-france-pendant-decolonisation?at_medium=RSS%20feed&amp;at_campaign=ynews&amp;utm_source=yahoo&amp;utm_medium=rss&amp;utm_campaign=news_feed&amp;utm_content=read_more_link&quot;\" rel=\"nofollow noopener\" target=\"_blank\" data-ylk=\"slk:Lire la suite sur 20minutes;elm:context_link;itc:0;sec:content-canvas\" class=\"link \">Lire la suite sur 20minutes<\/a><\/p>\n<p>\u00c0 lire aussi :<br \/><a href=\"https:\/\/www.20minutes.fr\/societe\/4150310-20250425-emmanuel-macron-parle-pardon-colonisation-madagascar?at_medium=RSS%20feed&amp;at_campaign=ynews&amp;utm_source=yahoo&amp;utm_medium=rss&amp;utm_campaign=news_feed&amp;utm_content=related_content_link\" rel=\"nofollow noopener\" target=\"_blank\" data-ylk=\"slk:Madagascar\u00a0: Emmanuel Macron veut cr\u00e9er les \u00ab\u00a0conditions\u00a0\u00bb du \u00ab\u00a0pardon\u00a0\u00bb pour la colonisation;elm:context_link;itc:0;sec:content-canvas\" class=\"link \">Madagascar\u00a0: Emmanuel Macron veut cr\u00e9er les \u00ab\u00a0conditions\u00a0\u00bb du \u00ab\u00a0pardon\u00a0\u00bb pour la colonisation<\/a><br \/><a href=\"https:\/\/www.20minutes.fr\/planete\/4157612-20250609-conference-oceans-abysses-groenland-antarctique-vendre-rappelle-macron?at_medium=RSS%20feed&amp;at_campaign=ynews&amp;utm_source=yahoo&amp;utm_medium=rss&amp;utm_campaign=news_feed&amp;utm_content=related_content_link\" rel=\"nofollow noopener\" target=\"_blank\" data-ylk=\"slk:Conf\u00e9rence sur les oc\u00e9ans\u00a0: Les abysses, le Groenland ou l\u2019Antarctique \u00ab\u00a0ne sont pas \u00e0 vendre\u00a0\u00bb, rappelle Macron;elm:context_link;itc:0;sec:content-canvas\" class=\"link \">Conf\u00e9rence sur les oc\u00e9ans\u00a0: Les abysses, le Groenland ou l\u2019Antarctique \u00ab\u00a0ne sont pas \u00e0 vendre\u00a0\u00bb, rappelle Macron<\/a><\/p>\n","protected":false},"excerpt":{"rendered":"m\u00e9moire &#8211; Emmanuel Macron a admis que la France a men\u00e9 \u00ab\u00a0une guerre\u00a0\u00bb au Cameroun avant et apr\u00e8s&hellip;\n","protected":false},"author":2,"featured_media":315061,"comment_status":"","ping_status":"","sticky":false,"template":"","format":"standard","meta":{"footnotes":""},"categories":[4],"tags":[11,23615,1073,1011,27,1146,12,9962,25],"class_list":{"0":"post-315060","1":"post","2":"type-post","3":"status-publish","4":"format-standard","5":"has-post-thumbnail","7":"category-france","8":"tag-actualites","9":"tag-cameroun","10":"tag-emmanuel-macron","11":"tag-fr","12":"tag-france","13":"tag-guerre","14":"tag-news","15":"tag-president-francais","16":"tag-republique-francaise"},"share_on_mastodon":{"url":"https:\/\/pubeurope.com\/@fr\/115018523163402852","error":""},"_links":{"self":[{"href":"https:\/\/www.europesays.com\/fr\/wp-json\/wp\/v2\/posts\/315060","targetHints":{"allow":["GET"]}}],"collection":[{"href":"https:\/\/www.europesays.com\/fr\/wp-json\/wp\/v2\/posts"}],"about":[{"href":"https:\/\/www.europesays.com\/fr\/wp-json\/wp\/v2\/types\/post"}],"author":[{"embeddable":true,"href":"https:\/\/www.europesays.com\/fr\/wp-json\/wp\/v2\/users\/2"}],"replies":[{"embeddable":true,"href":"https:\/\/www.europesays.com\/fr\/wp-json\/wp\/v2\/comments?post=315060"}],"version-history":[{"count":0,"href":"https:\/\/www.europesays.com\/fr\/wp-json\/wp\/v2\/posts\/315060\/revisions"}],"wp:featuredmedia":[{"embeddable":true,"href":"https:\/\/www.europesays.com\/fr\/wp-json\/wp\/v2\/media\/315061"}],"wp:attachment":[{"href":"https:\/\/www.europesays.com\/fr\/wp-json\/wp\/v2\/media?parent=315060"}],"wp:term":[{"taxonomy":"category","embeddable":true,"href":"https:\/\/www.europesays.com\/fr\/wp-json\/wp\/v2\/categories?post=315060"},{"taxonomy":"post_tag","embeddable":true,"href":"https:\/\/www.europesays.com\/fr\/wp-json\/wp\/v2\/tags?post=315060"}],"curies":[{"name":"wp","href":"https:\/\/api.w.org\/{rel}","templated":true}]}}