{"id":315062,"date":"2025-08-13T00:03:10","date_gmt":"2025-08-13T00:03:10","guid":{"rendered":"https:\/\/www.europesays.com\/fr\/315062\/"},"modified":"2025-08-13T00:03:10","modified_gmt":"2025-08-13T00:03:10","slug":"gouvernement-du-quebec-le-gouvernement-du-quebec-accorde-711-000-pour-soutenir-un-important-evenement-de-volleyball-de-plage-a-montreal","status":"publish","type":"post","link":"https:\/\/www.europesays.com\/fr\/315062\/","title":{"rendered":"Gouvernement du Qu\u00e9bec &#8211; Le gouvernement du Qu\u00e9bec accorde 711 000 $ pour soutenir un important \u00e9v\u00e9nement de volleyball de plage \u00e0 Montr\u00e9al"},"content":{"rendered":"<p>\n            <b>Nous avons besoin de votre consentement<\/b> pour que ce site Web puisse utiliser des t\u00e9moins de connexion (cookies). Par ces t\u00e9moins de connexion, nous et les prestataires de services tiers auxquels nous avons recours, collectent des renseignements comme les pages visit\u00e9es et le type d\u2019appareil utilis\u00e9.<\/p>\n<p> Afficher plus <\/p>\n<p>            Ces renseignements servent \u00e0 mesurer les comportements de navigation, \u00e0 produire des rapports statistiques, \u00e0 am\u00e9liorer l\u2019exp\u00e9rience de navigation et \u00e0 sonder les internautes. Vous pouvez param\u00e9trer les t\u00e9moins de connexion et retirer votre consentement en tout temps. Des informations compl\u00e9mentaires se trouvent dans notre <a class=\"nav-link\" style=\"text-decoration: underline;\" href=\"https:\/\/rimq.qc.ca\/notre_politique_fr.php\" target=\"_blank\" rel=\"nofollow noopener\">Politique de confidentialit\u00e9<\/a>.<\/p>\n","protected":false},"excerpt":{"rendered":"Nous avons besoin de votre consentement pour que ce site Web puisse utiliser des t\u00e9moins de connexion (cookies).&hellip;\n","protected":false},"author":2,"featured_media":315063,"comment_status":"","ping_status":"","sticky":false,"template":"","format":"standard","meta":{"footnotes":""},"categories":[1417],"tags":[1011,27,60,1470,1469],"class_list":{"0":"post-315062","1":"post","2":"type-post","3":"status-publish","4":"format-standard","5":"has-post-thumbnail","7":"category-volley","8":"tag-fr","9":"tag-france","10":"tag-sports","11":"tag-volley","12":"tag-volleyball"},"share_on_mastodon":{"url":"https:\/\/pubeurope.com\/@fr\/115018531069934489","error":""},"_links":{"self":[{"href":"https:\/\/www.europesays.com\/fr\/wp-json\/wp\/v2\/posts\/315062","targetHints":{"allow":["GET"]}}],"collection":[{"href":"https:\/\/www.europesays.com\/fr\/wp-json\/wp\/v2\/posts"}],"about":[{"href":"https:\/\/www.europesays.com\/fr\/wp-json\/wp\/v2\/types\/post"}],"author":[{"embeddable":true,"href":"https:\/\/www.europesays.com\/fr\/wp-json\/wp\/v2\/users\/2"}],"replies":[{"embeddable":true,"href":"https:\/\/www.europesays.com\/fr\/wp-json\/wp\/v2\/comments?post=315062"}],"version-history":[{"count":0,"href":"https:\/\/www.europesays.com\/fr\/wp-json\/wp\/v2\/posts\/315062\/revisions"}],"wp:featuredmedia":[{"embeddable":true,"href":"https:\/\/www.europesays.com\/fr\/wp-json\/wp\/v2\/media\/315063"}],"wp:attachment":[{"href":"https:\/\/www.europesays.com\/fr\/wp-json\/wp\/v2\/media?parent=315062"}],"wp:term":[{"taxonomy":"category","embeddable":true,"href":"https:\/\/www.europesays.com\/fr\/wp-json\/wp\/v2\/categories?post=315062"},{"taxonomy":"post_tag","embeddable":true,"href":"https:\/\/www.europesays.com\/fr\/wp-json\/wp\/v2\/tags?post=315062"}],"curies":[{"name":"wp","href":"https:\/\/api.w.org\/{rel}","templated":true}]}}