{"id":315064,"date":"2025-08-13T00:04:17","date_gmt":"2025-08-13T00:04:17","guid":{"rendered":"https:\/\/www.europesays.com\/fr\/315064\/"},"modified":"2025-08-13T00:04:17","modified_gmt":"2025-08-13T00:04:17","slug":"super-league-les-dragons-catalans-tiennent-leur-cinquieme-recrue-rugby-a-xiii","status":"publish","type":"post","link":"https:\/\/www.europesays.com\/fr\/315064\/","title":{"rendered":"Super League &#8211; Les Dragons Catalans tiennent leur cinqui\u00e8me recrue &#8211; Rugby \u00e0 XIII"},"content":{"rendered":"<p style=\"text-align: justify;\"><strong>Selon plusieurs sources concordantes, les Dragons Catalans seraient tout proches de trouver un accord avec Josh Simm, joueur des Castleford Tigers.<\/strong><\/p>\n<p style=\"text-align: justify;\">Form\u00e9 \u00e0 St Helens avec qui il a fait ses d\u00e9buts en Super League, le joueur de 24 ans avait d\u00e9cid\u00e9 de tenter sa chance en Australie en rejoignant les Wynnum Manly Seagulls en Queensland Cup. Apr\u00e8s seulement une saison, il avait \u00e9t\u00e9 recrut\u00e9 par Castelford avec un contrat de deux ans \u00e0 la cl\u00e9 et a, \u00e0 ce jour, disput\u00e9 27 rencontres et inscrit 13 essais sous les couleurs des Tigers.<\/p>\n<p style=\"text-align: justify;\">Titulaire au centre lorsqu\u2019il \u00e9voluait avec les Saints, il n\u2019a \u00e9volu\u00e9 que sur l\u2019aile de l\u2019attaque depuis son retour en Angleterre.<\/p>\n<p style=\"text-align: justify;\">En pleine refonte de leur effectif, les Dragons Catalans ont d\u00e9j\u00e0 officialis\u00e9 le d\u00e9part de nombreux joueurs mais aussi les arriv\u00e9es prochaines de Toby Sexton, Josh Allen, Solomona Faataape et Harvey Wilson. Josh Simm devrait donc \u00eatre la cinqui\u00e8me recrue catalane pour la saison 2026 de Super League.<\/p>\n<blockquote class=\"twitter-tweet\" data-width=\"500\" data-dnt=\"true\">\n<p lang=\"en\" dir=\"ltr\">\ud83e\udd1d TRANSFER EXCLUSIVE<\/p>\n<p>Catalans Dragons have secured a new signing.<a href=\"https:\/\/t.co\/6KDSzvAAHU\">https:\/\/t.co\/6KDSzvAAHU<\/a><\/p>\n<p>\u2014 All Out Rugby League (@AORugbyLeague) <a href=\"https:\/\/twitter.com\/AORugbyLeague\/status\/1955320693815419235?ref_src=twsrc%5Etfw\" target=\"_blank\" rel=\"noopener\">August 12, 2025<\/a><\/p>\n<\/blockquote>\n<p>        <script async src=\"https:\/\/platform.twitter.com\/widgets.js\" charset=\"utf-8\"><\/script><\/p>\n","protected":false},"excerpt":{"rendered":"Selon plusieurs sources concordantes, les Dragons Catalans seraient tout proches de trouver un accord avec Josh Simm, joueur&hellip;\n","protected":false},"author":2,"featured_media":315065,"comment_status":"","ping_status":"","sticky":false,"template":"","format":"standard","meta":{"footnotes":""},"categories":[1416],"tags":[3248,1011,27,45407,7099,479,2228,1468,2229,60,4474],"class_list":{"0":"post-315064","1":"post","2":"type-post","3":"status-publish","4":"format-standard","5":"has-post-thumbnail","7":"category-rugby","8":"tag-dragons-catalans","9":"tag-fr","10":"tag-france","11":"tag-josh-simm","12":"tag-recrutement","13":"tag-rugby","14":"tag-rugby-a-xiii","15":"tag-rugby-football","16":"tag-rugby-league","17":"tag-sports","18":"tag-super-league"},"share_on_mastodon":{"url":"https:\/\/pubeurope.com\/@fr\/115018535064159360","error":""},"_links":{"self":[{"href":"https:\/\/www.europesays.com\/fr\/wp-json\/wp\/v2\/posts\/315064","targetHints":{"allow":["GET"]}}],"collection":[{"href":"https:\/\/www.europesays.com\/fr\/wp-json\/wp\/v2\/posts"}],"about":[{"href":"https:\/\/www.europesays.com\/fr\/wp-json\/wp\/v2\/types\/post"}],"author":[{"embeddable":true,"href":"https:\/\/www.europesays.com\/fr\/wp-json\/wp\/v2\/users\/2"}],"replies":[{"embeddable":true,"href":"https:\/\/www.europesays.com\/fr\/wp-json\/wp\/v2\/comments?post=315064"}],"version-history":[{"count":0,"href":"https:\/\/www.europesays.com\/fr\/wp-json\/wp\/v2\/posts\/315064\/revisions"}],"wp:featuredmedia":[{"embeddable":true,"href":"https:\/\/www.europesays.com\/fr\/wp-json\/wp\/v2\/media\/315065"}],"wp:attachment":[{"href":"https:\/\/www.europesays.com\/fr\/wp-json\/wp\/v2\/media?parent=315064"}],"wp:term":[{"taxonomy":"category","embeddable":true,"href":"https:\/\/www.europesays.com\/fr\/wp-json\/wp\/v2\/categories?post=315064"},{"taxonomy":"post_tag","embeddable":true,"href":"https:\/\/www.europesays.com\/fr\/wp-json\/wp\/v2\/tags?post=315064"}],"curies":[{"name":"wp","href":"https:\/\/api.w.org\/{rel}","templated":true}]}}