{"id":315068,"date":"2025-08-13T00:07:16","date_gmt":"2025-08-13T00:07:16","guid":{"rendered":"https:\/\/www.europesays.com\/fr\/315068\/"},"modified":"2025-08-13T00:07:16","modified_gmt":"2025-08-13T00:07:16","slug":"quiz-avez-vous-bien-suivi-la-premiere-partie-de-saison-de-motogp","status":"publish","type":"post","link":"https:\/\/www.europesays.com\/fr\/315068\/","title":{"rendered":"QUIZ &#8211; Avez-vous bien suivi la premi\u00e8re partie de saison de MotoGP ?"},"content":{"rendered":"<p>De la domination de Marc M\u00e1rquez aux d\u00e9boires de Pecco Bagnaia, en passant par la victoire g\u00e9niale de Johann Zarco au Mans : la premi\u00e8re partie de saison 2025 a \u00e9t\u00e9 riche en rebondissements et en enseignements. Ducati \u00e9crase le championnat, mais Aprilia et Honda ont d\u00e9j\u00e0 gagn\u00e9, tandis que KTM et Yamaha sont mont\u00e9s sur le podium, preuve de la comp\u00e9titivit\u00e9 de toutes les marques. L\u2019ann\u00e9e promet \u00e9galement son lot de transferts, dont certains ont d\u00e9j\u00e0 \u00e9t\u00e9 annonc\u00e9s. Avez-vous bien suivi tout cela ? Alors, prouvez-le en vous mesurant \u00e0 notre quiz de 15 questions ! <strong>Donnez-nous votre avis sur le format en commentaires.<\/strong><\/p>\n<p><strong>\u00c0 LIRE AUSSI &gt;\u00a0<a href=\"https:\/\/www.autohebdo.fr\/actualites\/motogp\/motogp-gp-d-autriche-horaires-programme.html\" rel=\"nofollow noopener\" target=\"_blank\">Le programme du GP d\u2019Autriche 2025 de MotoGP<\/a><\/strong><\/p>\n","protected":false},"excerpt":{"rendered":"De la domination de Marc M\u00e1rquez aux d\u00e9boires de Pecco Bagnaia, en passant par la victoire g\u00e9niale de&hellip;\n","protected":false},"author":2,"featured_media":315069,"comment_status":"","ping_status":"","sticky":false,"template":"","format":"standard","meta":{"footnotes":""},"categories":[1413],"tags":[1011,27,1457,1456,60],"class_list":{"0":"post-315068","1":"post","2":"type-post","3":"status-publish","4":"format-standard","5":"has-post-thumbnail","7":"category-moto","8":"tag-fr","9":"tag-france","10":"tag-moto","11":"tag-motocycle","12":"tag-sports"},"share_on_mastodon":{"url":"https:\/\/pubeurope.com\/@fr\/115018546790895149","error":""},"_links":{"self":[{"href":"https:\/\/www.europesays.com\/fr\/wp-json\/wp\/v2\/posts\/315068","targetHints":{"allow":["GET"]}}],"collection":[{"href":"https:\/\/www.europesays.com\/fr\/wp-json\/wp\/v2\/posts"}],"about":[{"href":"https:\/\/www.europesays.com\/fr\/wp-json\/wp\/v2\/types\/post"}],"author":[{"embeddable":true,"href":"https:\/\/www.europesays.com\/fr\/wp-json\/wp\/v2\/users\/2"}],"replies":[{"embeddable":true,"href":"https:\/\/www.europesays.com\/fr\/wp-json\/wp\/v2\/comments?post=315068"}],"version-history":[{"count":0,"href":"https:\/\/www.europesays.com\/fr\/wp-json\/wp\/v2\/posts\/315068\/revisions"}],"wp:featuredmedia":[{"embeddable":true,"href":"https:\/\/www.europesays.com\/fr\/wp-json\/wp\/v2\/media\/315069"}],"wp:attachment":[{"href":"https:\/\/www.europesays.com\/fr\/wp-json\/wp\/v2\/media?parent=315068"}],"wp:term":[{"taxonomy":"category","embeddable":true,"href":"https:\/\/www.europesays.com\/fr\/wp-json\/wp\/v2\/categories?post=315068"},{"taxonomy":"post_tag","embeddable":true,"href":"https:\/\/www.europesays.com\/fr\/wp-json\/wp\/v2\/tags?post=315068"}],"curies":[{"name":"wp","href":"https:\/\/api.w.org\/{rel}","templated":true}]}}