{"id":31507,"date":"2025-04-17T11:02:09","date_gmt":"2025-04-17T11:02:09","guid":{"rendered":"https:\/\/www.europesays.com\/fr\/31507\/"},"modified":"2025-04-17T11:02:09","modified_gmt":"2025-04-17T11:02:09","slug":"firminy-les-chocolats-de-paques-font-ils-toujours-recette-malgre-la-hausse-des-prix","status":"publish","type":"post","link":"https:\/\/www.europesays.com\/fr\/31507\/","title":{"rendered":"Firminy. Les chocolats de P\u00e2ques font-ils toujours recette malgr\u00e9 la hausse des prix ?"},"content":{"rendered":"<p>Avec la p\u00e9riode des f\u00eates de fin d\u2019ann\u00e9e, P\u00e2ques est le moment o\u00f9 l\u2019on consomme le plus de chocolat. \u0152ufs, lapins, poules et autres figurines en chocolat rencontrent un franc succ\u00e8s\u2026 mais \u00e0 quel co\u00fbt\u00a0?<\/p>\n<p>Cette ann\u00e9e, mauvaise surprise au moment du passage en caisse\u00a0: le prix des chocolats a augment\u00e9. Depuis deux ans, le prix du cacao a \u00e9t\u00e9 multipli\u00e9 par cinq mais les commer\u00e7ants n\u2019ont pas toujours r\u00e9percut\u00e9 les hausses, m\u00e9nageant ainsi leur client\u00e8le. Avec l\u2019arriv\u00e9e des f\u00eates pascales et de leurs incontournables d\u00e9gustations de chocolat, les prix risquent de d\u00e9coller.<\/p>\n<p>Manufacture de Jean \u00e0 Unieux\u00a0: \u00ab\u00a0Il n\u2019y a pas de commandes en amont comme pour&#8230;                <\/p>\n","protected":false},"excerpt":{"rendered":"Avec la p\u00e9riode des f\u00eates de fin d\u2019ann\u00e9e, P\u00e2ques est le moment o\u00f9 l\u2019on consomme le plus de&hellip;\n","protected":false},"author":2,"featured_media":31508,"comment_status":"","ping_status":"","sticky":false,"template":"","format":"standard","meta":{"footnotes":""},"categories":[9653],"tags":[1111,11,2430,130,33,7539,1777,674,10282,10283,1011,27,12,25,4001],"class_list":{"0":"post-31507","1":"post","2":"type-post","3":"status-publish","4":"format-standard","5":"has-post-thumbnail","7":"category-saint-etienne","8":"tag-actu","9":"tag-actualites","10":"tag-auvergne-rhone-alpes","11":"tag-consommation","12":"tag-economie","13":"tag-edition-loire-sud","14":"tag-eu","15":"tag-europe","16":"tag-firminy","17":"tag-firminy-ville","18":"tag-fr","19":"tag-france","20":"tag-news","21":"tag-republique-francaise","22":"tag-saint-etienne"},"share_on_mastodon":{"url":"https:\/\/pubeurope.com\/@fr\/114352969670370087","error":""},"_links":{"self":[{"href":"https:\/\/www.europesays.com\/fr\/wp-json\/wp\/v2\/posts\/31507","targetHints":{"allow":["GET"]}}],"collection":[{"href":"https:\/\/www.europesays.com\/fr\/wp-json\/wp\/v2\/posts"}],"about":[{"href":"https:\/\/www.europesays.com\/fr\/wp-json\/wp\/v2\/types\/post"}],"author":[{"embeddable":true,"href":"https:\/\/www.europesays.com\/fr\/wp-json\/wp\/v2\/users\/2"}],"replies":[{"embeddable":true,"href":"https:\/\/www.europesays.com\/fr\/wp-json\/wp\/v2\/comments?post=31507"}],"version-history":[{"count":0,"href":"https:\/\/www.europesays.com\/fr\/wp-json\/wp\/v2\/posts\/31507\/revisions"}],"wp:featuredmedia":[{"embeddable":true,"href":"https:\/\/www.europesays.com\/fr\/wp-json\/wp\/v2\/media\/31508"}],"wp:attachment":[{"href":"https:\/\/www.europesays.com\/fr\/wp-json\/wp\/v2\/media?parent=31507"}],"wp:term":[{"taxonomy":"category","embeddable":true,"href":"https:\/\/www.europesays.com\/fr\/wp-json\/wp\/v2\/categories?post=31507"},{"taxonomy":"post_tag","embeddable":true,"href":"https:\/\/www.europesays.com\/fr\/wp-json\/wp\/v2\/tags?post=31507"}],"curies":[{"name":"wp","href":"https:\/\/api.w.org\/{rel}","templated":true}]}}