{"id":315070,"date":"2025-08-13T00:08:16","date_gmt":"2025-08-13T00:08:16","guid":{"rendered":"https:\/\/www.europesays.com\/fr\/315070\/"},"modified":"2025-08-13T00:08:16","modified_gmt":"2025-08-13T00:08:16","slug":"f1-ta-voiture-est-plus-facile-a-piloter-jaloux-dun-pilote-max-verstappen-recoit-une-reponse-dune-autre-equipe","status":"publish","type":"post","link":"https:\/\/www.europesays.com\/fr\/315070\/","title":{"rendered":"F1 &#8211; \u00abTa voiture est plus facile \u00e0 piloter\u00bb : Jaloux d&rsquo;un pilote, Max Verstappen re\u00e7oit une r\u00e9ponse d&rsquo;une autre \u00e9quipe !"},"content":{"rendered":"<p>                    Arthur Montagne<br \/>\n                        &#8211;<\/p>\n<p>Journaliste<\/p>\n<p>Affam\u00e9 de sport, il a grandi au son des moteurs de Formule 1 et des exploits de Ronaldinho. Aujourd\u2019hui, diplom\u00e9 d&rsquo;un Master de journalisme de sport, il ne rate plus un Grand Prix de F1 ni un match du PSG, ses deux passions et sp\u00e9cialit\u00e9s<\/p>\n<p class=\"heading\">Visiblement frustr\u00e9 par sa saison, Max Verstappen est surtout tr\u00e8s m\u00e9content du comportement de sa monoplace qu&rsquo;il a plusieurs fois jug\u00e9e inconduisible. A tel point que le quadruple champion du monde a affirm\u00e9 \u00e0 Liam Lawson que sa Racing Bulls \u00e9tait \u00abplus facile \u00e0 piloter\u00bb. Ce \u00e0 quoi Alan Permane a r\u00e9pondu.<\/p>\n<p>Auteur d&rsquo;une saison compliqu\u00e9e, <a href=\"https:\/\/le10sport.com\/formule1\/f1-meme-sil-na-pas-dequipe-ce-champion-du-monde-veut-recruter-verstappen-en-priorite-753955\" rel=\"nofollow noopener\" target=\"_blank\">Max Verstappen<\/a> ne remportera pas un cinqui\u00e8me titre cons\u00e9cutif. A plusieurs reprises, le pilote n\u00e9erlandais s&rsquo;est plaint de sa monoplace et de la difficult\u00e9 de la conduire. A tel point qu&rsquo;il a r\u00e9cemment affirm\u00e9 \u00e0 <strong>Liam Lawson<\/strong> que sa <strong>Racing Bulls<\/strong> \u00e9tait \u00abplus facile \u00e0 piloter\u00bb. Une situation in\u00e9dite qui se confirme par les chiffres puisque <strong>Yuki Tsunoda <\/strong>a inscrit moins de points que les deux pilotes Racing Bulls. Nouveau patron de l&rsquo;\u00e9curie, <strong>Alan Permane<\/strong> s&rsquo;est prononc\u00e9 \u00e0 ce sujet.<\/p>\n<p>                                            Verstappen estime que la Racing Bulls est plus facile \u00e0 conduire&#8230;<\/p>\n<p>\u00ab On a beaucoup parl\u00e9 de sa facilit\u00e9 de conduite. Beaucoup de gens en ont parl\u00e9 et constatent comment nos pilotes s\u2019en sortent. Mais en r\u00e9alit\u00e9, je pense que c\u2019est une voiture facile \u00e0 optimiser a\u00e9rodynamiquement pour les ing\u00e9nieurs. Nous pouvons faire ce que nous voulons avec les r\u00e9glages et en tirer le meilleur parti, ce qui nous permet d\u2019am\u00e9liorer nos performances. Bien qu\u2019elle ne soit pas intrins\u00e8quement plus facile \u00e0 piloter, elle est plus souvent utilis\u00e9e \u00e0 son niveau de performance optimal, offrant aux pilotes de meilleures sensations au volant \u00bb, confie-t-il dans des propos rapport\u00e9s par Nextgen-auto.com. <\/p>\n<p>                                            &#8230; Alan Permane lui r\u00e9pond !<\/p>\n<p>Plus globalement, <strong>Alan Permane<\/strong> se r\u00e9jouit de voir que la <strong>VCARB 02<\/strong> s&rsquo;adapte sur autant de circuits diff\u00e9rents : \u00ab \u00c7a a bien fonctionn\u00e9 \u00e0 Spa, \u00e7a a bien fonctionn\u00e9 en Hongrie, \u00e7a a bien fonctionn\u00e9 sur de nombreux circuits. Barcelone, c\u2019\u00e9tait vraiment g\u00e9nial. L\u2019Autriche \u00e9tait tr\u00e8s bon. On dirait qu\u2019elle est plut\u00f4t \u00e0 l\u2019aise partout \u00bb.<\/p>\n","protected":false},"excerpt":{"rendered":"Arthur Montagne &#8211; Journaliste Affam\u00e9 de sport, il a grandi au son des moteurs de Formule 1 et&hellip;\n","protected":false},"author":2,"featured_media":315071,"comment_status":"","ping_status":"","sticky":false,"template":"","format":"standard","meta":{"footnotes":""},"categories":[1412],"tags":[1451,1452,1453,1454,1455,1011,27,60],"class_list":{"0":"post-315070","1":"post","2":"type-post","3":"status-publish","4":"format-standard","5":"has-post-thumbnail","7":"category-f1","8":"tag-f1","9":"tag-formula-1","10":"tag-formula1","11":"tag-formule-1","12":"tag-formule1","13":"tag-fr","14":"tag-france","15":"tag-sports"},"share_on_mastodon":{"url":"https:\/\/pubeurope.com\/@fr\/115018550649143809","error":""},"_links":{"self":[{"href":"https:\/\/www.europesays.com\/fr\/wp-json\/wp\/v2\/posts\/315070","targetHints":{"allow":["GET"]}}],"collection":[{"href":"https:\/\/www.europesays.com\/fr\/wp-json\/wp\/v2\/posts"}],"about":[{"href":"https:\/\/www.europesays.com\/fr\/wp-json\/wp\/v2\/types\/post"}],"author":[{"embeddable":true,"href":"https:\/\/www.europesays.com\/fr\/wp-json\/wp\/v2\/users\/2"}],"replies":[{"embeddable":true,"href":"https:\/\/www.europesays.com\/fr\/wp-json\/wp\/v2\/comments?post=315070"}],"version-history":[{"count":0,"href":"https:\/\/www.europesays.com\/fr\/wp-json\/wp\/v2\/posts\/315070\/revisions"}],"wp:featuredmedia":[{"embeddable":true,"href":"https:\/\/www.europesays.com\/fr\/wp-json\/wp\/v2\/media\/315071"}],"wp:attachment":[{"href":"https:\/\/www.europesays.com\/fr\/wp-json\/wp\/v2\/media?parent=315070"}],"wp:term":[{"taxonomy":"category","embeddable":true,"href":"https:\/\/www.europesays.com\/fr\/wp-json\/wp\/v2\/categories?post=315070"},{"taxonomy":"post_tag","embeddable":true,"href":"https:\/\/www.europesays.com\/fr\/wp-json\/wp\/v2\/tags?post=315070"}],"curies":[{"name":"wp","href":"https:\/\/api.w.org\/{rel}","templated":true}]}}