{"id":315072,"date":"2025-08-13T00:09:10","date_gmt":"2025-08-13T00:09:10","guid":{"rendered":"https:\/\/www.europesays.com\/fr\/315072\/"},"modified":"2025-08-13T00:09:10","modified_gmt":"2025-08-13T00:09:10","slug":"cyclisme-les-3-jours-de-cherbourg-ont-besoin-de-benevoles-pour-encadrer-cette-belle-course","status":"publish","type":"post","link":"https:\/\/www.europesays.com\/fr\/315072\/","title":{"rendered":"Cyclisme. Les 3 Jours de Cherbourg ont besoin de b\u00e9n\u00e9voles pour encadrer cette belle course"},"content":{"rendered":"<p>            Par<br \/>\n        <strong><br \/>\n            <a href=\"https:\/\/actu.fr\/auteur\/jp-massieu\" title=\"Consulter tous les articles de Jean-Philippe Massieu\" rel=\"nofollow noopener\" target=\"_blank\">Jean-Philippe Massieu<\/a><br \/>\n        <\/strong><\/p>\n<p>        Publi\u00e9 le<\/p>\n<p>            12 ao\u00fbt 2025 \u00e0 20h39        <\/p>\n<p>C\u2019est <b>une course cycliste<\/b> par <b>\u00e9tapes <\/b>qui a vu passer <b>plusieurs futurs champions<\/b>, <a href=\"https:\/\/3joursdecherbourg.fr\/\" rel=\"nofollow noopener\" target=\"_blank\">Les 3\u00a0Jours de Cherbourg<\/a> animeront le <b>Cotentin <\/b>du <b>vendredi\u00a05 au dimanche 7\u00a0septembre 2025<\/b>. Ce sera la <b>45e \u00e9dition<\/b>.<\/p>\n<p class=\" wall-content\"><b>L\u2019association <\/b>qui <b>organise <\/b>cette <b>belle comp\u00e9tition<\/b> lance un <b>appel aux b\u00e9n\u00e9voles<\/b>, surtout des<b> gardiens de carrefour<\/b> pour <b>assurer la s\u00e9curit\u00e9<\/b> de la course. Ils sont appel\u00e9s \u00e9galement les <a href=\"https:\/\/actu.fr\/societe\/cotentin-faute-de-signaleurs-benevoles-de-nombreux-evenements-sont-menaces_58228641.html\" rel=\"nofollow noopener\" target=\"_blank\">signaleurs<\/a>. Sans eux, pas de course. C\u2019est <b>un vrai d\u00e9fi<\/b> pour chaque organisation de course cycliste.<\/p>\n<blockquote class=\"ac-article-quote wall-content\">\n<p>Tous les ans, on a des gens qui se d\u00e9sistent, d\u2019autres qui tardent \u00e0 r\u00e9pondre.<\/p>\n<p>Bernard Berhault, pr\u00e9sident de l\u2019association<\/p><\/blockquote>\n<p class=\" wall-content\">\u00ab\u2009On a besoin d\u2019\u00e0 peu pr\u00e8s une centaine de b\u00e9n\u00e9voles par jour pour que les gens ne fassent qu\u2019<b>un point de gardiennage<\/b> par jour et pas deux\u2009\u00bb, d\u00e9taille le b\u00e9n\u00e9vole.<\/p>\n<p class=\" wall-content\">Pour assurer un socle, Les 3\u00a0Jours de Cherbourg ont fait appel \u00e0 \u00ab\u2009une association qui nous trouve des signaleurs\u2009\u00bb. Mais il faudrait compl\u00e9ter encore par \u00ab\u2009une dizaine de personnes vendredi et samedi, et autant le dimanche\u2009\u00bb.<\/p>\n<p>Mobilis\u00e9s environ une heure seulement<\/p>\n<p class=\" wall-content\">Pour <b>postuler<\/b>, il suffit d\u2019avoir<b> un moyen de transport <\/b>pour vous rendre au point du circuit qui vous aura \u00e9t\u00e9 attribu\u00e9. Chaque gardien de carrefour n\u2019est mobilis\u00e9 qu\u2019environ une heure\u2009: \u00ab\u2009Il faut arriver \u00e0 l\u2019emplacement 15 \u00e0 20\u00a0minutes avant le <b>passage des coureurs <\/b>et ils sont lib\u00e9r\u00e9s une fois que la <b>voiture-balai<\/b> est pass\u00e9e\u2009\u00bb.<\/p>\n<p>Vid\u00e9os : en ce moment sur Actu<\/p>\n<p class=\" wall-content\">\u00ab\u2009On fournit un <b>gilet r\u00e9fl\u00e9chissant<\/b> et<b> un panneau<\/b> qu\u2019il faut nous redonner. Et on offre<b> un tee-shirt souvenir\u2009<\/b>\u00bb, poursuit Bernard Berhault. Les <b>inscriptions <\/b>sont <b>ouvertes jusqu\u2019au 17\u00a0ao\u00fbt<\/b> puis une <b>r\u00e9union explicative <\/b>aura lieu le<b> vendredi 29\u00a0ao\u00fbt <\/b>au <b>gymnase Postaire<\/b>, \u00e0 Cherbourg-Octeville, \u00e0 18\u00a0heures.<\/p>\n<p>Pour postuler, contactez David Lesaux au 06\u200962\u200955\u200924\u200974 avant le dimanche 17\u00a0ao\u00fbt \u00e0 19\u00a0heures.<\/p>\n<p class=\" wall-content\">Suivez toute l\u2019actualit\u00e9 de vos villes et m\u00e9dias favoris en vous inscrivant \u00e0 <a href=\"https:\/\/moncompte.actu.fr\" title=\"D\u00e9couvez Mon Actu\" rel=\"nofollow noopener\" data-trk=\"{&quot;cta&quot;:{&quot;action&quot;:&quot;https:\\\/\\\/moncompte.actu.fr&quot;,&quot;category&quot;:&quot;mon compte&quot;,&quot;from&quot;:&quot;article footer&quot;,&quot;name&quot;:&quot;Mon actu&quot;,&quot;type&quot;:&quot;cta&quot;}}\" target=\"_blank\">Mon Actu<\/a>.<\/p>\n","protected":false},"excerpt":{"rendered":"Par Jean-Philippe Massieu Publi\u00e9 le 12 ao\u00fbt 2025 \u00e0 20h39 C\u2019est une course cycliste par \u00e9tapes qui a&hellip;\n","protected":false},"author":2,"featured_media":315073,"comment_status":"","ping_status":"","sticky":false,"template":"","format":"standard","meta":{"footnotes":""},"categories":[1411],"tags":[10263,1154,207,1011,27,104,517,60,208],"class_list":{"0":"post-315072","1":"post","2":"type-post","3":"status-publish","4":"format-standard","5":"has-post-thumbnail","7":"category-cyclisme","8":"tag-benevolat","9":"tag-cycling","10":"tag-cyclisme","11":"tag-fr","12":"tag-france","13":"tag-societe","14":"tag-sport","15":"tag-sports","16":"tag-velo"},"share_on_mastodon":{"url":"https:\/\/pubeurope.com\/@fr\/115018554662093372","error":""},"_links":{"self":[{"href":"https:\/\/www.europesays.com\/fr\/wp-json\/wp\/v2\/posts\/315072","targetHints":{"allow":["GET"]}}],"collection":[{"href":"https:\/\/www.europesays.com\/fr\/wp-json\/wp\/v2\/posts"}],"about":[{"href":"https:\/\/www.europesays.com\/fr\/wp-json\/wp\/v2\/types\/post"}],"author":[{"embeddable":true,"href":"https:\/\/www.europesays.com\/fr\/wp-json\/wp\/v2\/users\/2"}],"replies":[{"embeddable":true,"href":"https:\/\/www.europesays.com\/fr\/wp-json\/wp\/v2\/comments?post=315072"}],"version-history":[{"count":0,"href":"https:\/\/www.europesays.com\/fr\/wp-json\/wp\/v2\/posts\/315072\/revisions"}],"wp:featuredmedia":[{"embeddable":true,"href":"https:\/\/www.europesays.com\/fr\/wp-json\/wp\/v2\/media\/315073"}],"wp:attachment":[{"href":"https:\/\/www.europesays.com\/fr\/wp-json\/wp\/v2\/media?parent=315072"}],"wp:term":[{"taxonomy":"category","embeddable":true,"href":"https:\/\/www.europesays.com\/fr\/wp-json\/wp\/v2\/categories?post=315072"},{"taxonomy":"post_tag","embeddable":true,"href":"https:\/\/www.europesays.com\/fr\/wp-json\/wp\/v2\/tags?post=315072"}],"curies":[{"name":"wp","href":"https:\/\/api.w.org\/{rel}","templated":true}]}}