{"id":315076,"date":"2025-08-13T00:11:10","date_gmt":"2025-08-13T00:11:10","guid":{"rendered":"https:\/\/www.europesays.com\/fr\/315076\/"},"modified":"2025-08-13T00:11:10","modified_gmt":"2025-08-13T00:11:10","slug":"mort-dalain-delon-douchy-bientot-vendu-par-anthony-alain-fabien-et-anouchka-ce-qui-se-tramerait-discretement","status":"publish","type":"post","link":"https:\/\/www.europesays.com\/fr\/315076\/","title":{"rendered":"Mort d\u2019Alain Delon : Douchy bient\u00f4t vendu par Anthony, Alain-Fabien et Anouchka ? Ce qui se tramerait discr\u00e8tement"},"content":{"rendered":"<p>Le 18 aout 2025, cela fera un an qu\u2019<a class=\"qbe-widget\" href=\"https:\/\/www.closermag.fr\/people\/alain-delon-ce-message-desespere-quil-aurait-envoye-a-hiromi-rollin-peu-avant-sa-mort-3467676\" target=\"_blank\" rel=\"noopener noreferrer nofollow\">Alain Delon est<br \/>\nd\u00e9c\u00e9d\u00e9<\/a>. Avec sa disparition, le cin\u00e9ma fran\u00e7ais a perdu un de<br \/>\nses piliers. Il faut que l\u2019acteur ait jou\u00e9 dans pr\u00e8s de 90 films et<br \/>\nait envout\u00e9 plusieurs g\u00e9n\u00e9rations avec son regard per\u00e7ant.<\/p>\n<p>Il a \u00e9t\u00e9 emport\u00e9 par la maladie \u00e0 88 ans. C\u2019est dans <a class=\"qbe-widget\" href=\"https:\/\/www.closermag.fr\/people\/alain-delon-a-quoi-ressemble-sa-superbe-propriete-de-douchy-ou-il-est-enterre-3359866\" target=\"_blank\" rel=\"noopener noreferrer nofollow\">sa maison de Douchy,<\/a><br \/>\nun lieu cher \u00e0 son c\u0153ur, qu\u2019il a pouss\u00e9 son dernier souffle,<br \/>\nentour\u00e9 de ses enfants. D\u00e9sormais, la maison est vide et <a class=\"qbe-widget\" href=\"https:\/\/www.closermag.fr\/people\/alain-delon-a-douchy-la-guerre-de-ses-enfants-sur-pause-pour-un-moment-particulier-3569353\" target=\"_blank\" rel=\"noopener noreferrer nofollow\">Anthony, Alain-Fabien et<br \/>\nAnouchka<\/a> viennent s\u2019y recueillir de temps \u00e0 autre. Mais pour<br \/>\ncombien de temps ? Il se pourrait en effet que la b\u00e2tisse soit<br \/>\nbient\u00f4t vendue.<\/p>\n<p>Que va devenir Douchy ?<\/p>\n<p>Pour c\u00e9l\u00e9brer l\u00a0\u00bbanniversaire de la mort de l\u2019acteur,<br \/>\n<strong>toute la ville de Douchy se met \u00e0 l&rsquo;\u0153uvre.<\/strong> La<br \/>\ncommune du Loiret pr\u00e9voit une journ\u00e9e hommage, divis\u00e9e en deux<br \/>\ntemps, avec l&rsquo;inauguration d\u2019un stade \u00e0 son nom et la diffusion<br \/>\nd\u2019un documentaire sur sa vie dans la salle des f\u00eates de la ville<br \/>\nvoisine. L\u00e0-bas, nul doute que l\u2019\u00e2me d\u2019Alain Delon r\u00e8gne un peu<br \/>\npartout. Et si en plus d\u2019un stade \u00e0 son nom, la commune avait un<br \/>\nmus\u00e9e qui lui serait d\u00e9di\u00e9 ? Et pour cela, quoi de mieux que<br \/>\nl\u2019ancienne maison de l\u2019acteur ?<\/p>\n<p>En effet, si le maire semble se d\u00e9mener pour <a class=\"qbe-widget\" href=\"https:\/\/www.closermag.fr\/people\/alain-delon-un-an-apres-sa-mort-douchy-va-bientot-lhonorer-mais-ca-fait-un-peu-pitie-3566523\" target=\"_blank\" rel=\"noopener noreferrer nofollow\">rendre hommage \u00e0<br \/>\nl\u2019acteur<\/a> lors de ce triste anniversaire, il semblerait qu\u2019il<br \/>\nsouhaite faire de Douchy un mus\u00e9e en son honneur. Et contre toute<br \/>\nattente, il ne serait pas le seul. Son fils Anthony ne serait pas<br \/>\ncontre ce projet non plus.<\/p>\n<p>Mort d\u2019Alain Delon : Douchy, bient\u00f4t un<br \/>\nmus\u00e9e ?<\/p>\n<p>Dans le livre \u201cLes derniers jours du samoura\u00ef\u201d, \u00e9crit par<br \/>\nFran\u00e7ois Vignolle et Laurence Pieau, les derniers mois de l\u2019acteur<br \/>\nsont pass\u00e9s au crible. Invit\u00e9e dans le 19\/20 le 1\u1d49\u02b3 aout sur<br \/>\n<a class=\"qbe-widget\" href=\"https:\/\/france3-regions.franceinfo.fr\/centre-val-de-loire\/loiret\/alain-delon-tensions-familiales-compagne-expulsee-un-livre-enquete-leve-le-voile-sur-les-derniers-mois-de-l-acteur-3196779.html\" target=\"_blank\" rel=\"noopener noreferrer nofollow\">France 3 Centre-Val<br \/>\nde Loire<\/a>, l\u2019\u00e9crivaine a assur\u00e9 : \u201cAnthony Delon semble<br \/>\naussi vouloir en faire un mus\u00e9e\u201d.<\/p>\n<p>Le probl\u00e8me ? L\u2019entretien de la maison co\u00fbterait extr\u00eamement<br \/>\ncher. Selon les informations divulgu\u00e9es par nos confr\u00e8res, cela<br \/>\nreviendrait \u00e0 <a class=\"qbe-widget\" href=\"https:\/\/www.closermag.fr\/people\/alain-delon-combien-vaut-veritablement-sa-sublime-propriete-de-douchy-3548845\" target=\"_blank\" rel=\"noopener noreferrer nofollow\">environ 200 000 euros par<br \/>\nan<\/a>. Un budget cons\u00e9quent pour la mairie, ou bien pour toute<br \/>\nautre personne qui souhaiterait l\u2019acqu\u00e9rir. \u201cQui va pouvoir le<br \/>\nfaire ?\u201d questionne Laurence Pieau. Selon la journaliste, il<br \/>\nest possible que la derni\u00e8re demeure d\u2019Alain Delon soit vendue en<br \/>\nplusieurs parties et ait ainsi plusieurs propri\u00e9taires. Mais il<br \/>\ns\u2019agit l\u00e0 de suppositions : \u201cMais rien n&rsquo;est d\u00e9cid\u00e9\u201d,<br \/>\naffirme la journaliste. Reste aussi \u00e0 voir si les trois enfants de<br \/>\nl\u2019acteur arriveront \u00e0 se mettre d\u2019accord\u2026<\/p>\n","protected":false},"excerpt":{"rendered":"Le 18 aout 2025, cela fera un an qu\u2019Alain Delon est d\u00e9c\u00e9d\u00e9. Avec sa disparition, le cin\u00e9ma fran\u00e7ais&hellip;\n","protected":false},"author":2,"featured_media":315077,"comment_status":"","ping_status":"","sticky":false,"template":"","format":"standard","meta":{"footnotes":""},"categories":[1359],"tags":[5960,548,58,59,1011,27,973],"class_list":{"0":"post-315076","1":"post","2":"type-post","3":"status-publish","4":"format-standard","5":"has-post-thumbnail","7":"category-people","8":"tag-alain-delon","9":"tag-article-simple","10":"tag-divertissement","11":"tag-entertainment","12":"tag-fr","13":"tag-france","14":"tag-people"},"share_on_mastodon":{"url":"https:\/\/pubeurope.com\/@fr\/115018562623518632","error":""},"_links":{"self":[{"href":"https:\/\/www.europesays.com\/fr\/wp-json\/wp\/v2\/posts\/315076","targetHints":{"allow":["GET"]}}],"collection":[{"href":"https:\/\/www.europesays.com\/fr\/wp-json\/wp\/v2\/posts"}],"about":[{"href":"https:\/\/www.europesays.com\/fr\/wp-json\/wp\/v2\/types\/post"}],"author":[{"embeddable":true,"href":"https:\/\/www.europesays.com\/fr\/wp-json\/wp\/v2\/users\/2"}],"replies":[{"embeddable":true,"href":"https:\/\/www.europesays.com\/fr\/wp-json\/wp\/v2\/comments?post=315076"}],"version-history":[{"count":0,"href":"https:\/\/www.europesays.com\/fr\/wp-json\/wp\/v2\/posts\/315076\/revisions"}],"wp:featuredmedia":[{"embeddable":true,"href":"https:\/\/www.europesays.com\/fr\/wp-json\/wp\/v2\/media\/315077"}],"wp:attachment":[{"href":"https:\/\/www.europesays.com\/fr\/wp-json\/wp\/v2\/media?parent=315076"}],"wp:term":[{"taxonomy":"category","embeddable":true,"href":"https:\/\/www.europesays.com\/fr\/wp-json\/wp\/v2\/categories?post=315076"},{"taxonomy":"post_tag","embeddable":true,"href":"https:\/\/www.europesays.com\/fr\/wp-json\/wp\/v2\/tags?post=315076"}],"curies":[{"name":"wp","href":"https:\/\/api.w.org\/{rel}","templated":true}]}}