{"id":315082,"date":"2025-08-13T00:14:10","date_gmt":"2025-08-13T00:14:10","guid":{"rendered":"https:\/\/www.europesays.com\/fr\/315082\/"},"modified":"2025-08-13T00:14:10","modified_gmt":"2025-08-13T00:14:10","slug":"javais-decide-darreter-joel-reagit-a-son-elimination-apres-173-victoires-dans-tout-le-monde-veut-prendre-sa-place","status":"publish","type":"post","link":"https:\/\/www.europesays.com\/fr\/315082\/","title":{"rendered":"\u00ab\u00a0J&rsquo;avais d\u00e9cid\u00e9 d&rsquo;arr\u00eater\u00a0\u00bb : Jo\u00ebl r\u00e9agit \u00e0 son \u00e9limination apr\u00e8s 173 victoires dans Tout le monde veut prendre sa place"},"content":{"rendered":"<p>Avec 15 points remport\u00e9s lors d&rsquo;un questionnaire sur \u00ab\u00a0Les Alexandre c\u00e9l\u00e8bres\u00a0\u00bb, Jo\u00ebl n&rsquo;a pas fait le poids face \u00e0 Aur\u00e9lie qui l&rsquo;a coiff\u00e9 au poteau en marquant 16 points gr\u00e2ce \u00e0 une s\u00e9rie de questions sur \u00ab\u00a0Les oiseaux de marin\u00a0\u00bb&#8230;<\/p>\n<p><a id=\"eztoc103264034_1\"\/>TLMVPSP : Jo\u00ebl submerg\u00e9 par l&rsquo;\u00e9motion apr\u00e8s sa d\u00e9faite contre la nouvelle championne Aur\u00e9lie<\/p>\n<p>Lors des n\u00e9gociations, Jo\u00ebl a refus\u00e9 de proposer une grosse somme \u00e0 la candidate pour la convaincre de repartir avec beaucoup d&rsquo;argent et lui laisser son fauteuil. Le champion a d\u00e9clar\u00e9 : \u00ab\u00a0Tout a une fin. Je lui offre 100 euros\u00a0\u00bb. La cagnotte de sa rivale s&rsquo;est alors \u00e9lev\u00e9e \u00e0 1700 euros, et Aur\u00e9lie a, sans h\u00e9sit\u00e9, pr\u00e9f\u00e9r\u00e9 r\u00e9cup\u00e9rer le tant convoit\u00e9 fauteuil rouge du Champion de Tout le monde veut prendre sa place. Apr\u00e8s\u00a0173 victoires, Jo\u00ebl a donc quitt\u00e9 le programme la t\u00eate haute et le porte-monnaie bien rempli : au total, il a cumul\u00e9\u00a0159 800 euros ! Cela fait de lui le deuxi\u00e8me plus grand champion de l&rsquo;histoire du jeu qui existe depuis d\u00e9j\u00e0 dix-neuf ans ! Extr\u00eamement \u00e9mu pour son d\u00e9part,   <a href=\"https:\/\/www.programme-television.org\/news\/tv\/sequences-tele\/elimination-de-joel-grosse-emotion-pour-le-deuxieme-plus-grand-champion-de-tout-le-monde-veut-prendre-sa-place-video-4744155\" target=\"_blank\" rel=\"noopener nofollow\">Jo\u00ebl est tomb\u00e9 dans les bras de Cyril F\u00e9raud<\/a>&#8230;<\/p>\n<p><a id=\"eztoc103264034_2\"\/>Jo\u00ebl explique pourquoi il ne s&rsquo;est pas battu pour conserver son fauteuil de Champion<\/p>\n<p>Mais malgr\u00e9 sa tr\u00e8s vive \u00e9motion et son lien fort avec l&rsquo;animateur et les \u00e9quipes de   <a href=\"https:\/\/www.programme-television.org\/news\/tv\/emissions-tele\/tout-le-monde-veut-prendre-sa-place-quand-reviendront-les-numeros-inedits-de-l-emission-4743546\" target=\"_blank\" rel=\"noopener nofollow\">Tout le monde veut prendre sa place<\/a>, Jo\u00ebl \u00e9tait quelque peu lass\u00e9 de participer au jeu quotidien de France 2 au bout de six mois. C&rsquo;est ce qu&rsquo;il confie aujourd&rsquo;hui \u00e0 nos confr\u00e8res de   <a href=\"https:\/\/programmetv.ouest-france.fr\/divers\/jeu\/tout-le-monde-veut-prendre-sa-place-m95770980\/entretien-joel-elimine-de-tout-le-monde-veut-prendre-sa-place-javais-moins-envie-de-jouer-899d20a0-7475-11f0-9d15-80a5c5d7922a\" target=\"_blank\" rel=\"noopener nofollow\">Ouest-France<\/a>, expliquant ainsi son choix pr\u00e9m\u00e9dit\u00e9 d&rsquo;offrir une si petite somme d&rsquo;argent \u00e0 Aur\u00e9lien apr\u00e8s leur duel :\u00a0\u00ab\u00a0Je me suis un peu plant\u00e9, mais j\u2019avais de toute fa\u00e7on d\u00e9cid\u00e9 d\u2019arr\u00eater si je perdais encore une fois. Je me rendais compte depuis un petit moment d\u00e9j\u00e0 que je n\u2019\u00e9tais plus dedans. J\u2019avais moins envie de jouer.\u00a0\u00c7a commen\u00e7ait \u00e0 \u00eatre long. Je n\u2019habite pas \u00e0 c\u00f4t\u00e9 donc je montais parfois sur Paris pendant quinze jours pour enregistrer les \u00e9missions. Puis le soir on se retrouve tout seul\u2026 Il y a eu presque deux mois de coupure entre deux sessions d\u2019enregistrement et je me suis rendu compte que je n\u2019avais plus tr\u00e8s envie de passer des semaines tout seul \u00e0 Paris. (&#8230;)\u00a0Je me suis aussi rendu compte que je jouais moins bien\u00a0\u00bb.<\/p>\n","protected":false},"excerpt":{"rendered":"Avec 15 points remport\u00e9s lors d&rsquo;un questionnaire sur \u00ab\u00a0Les Alexandre c\u00e9l\u00e8bres\u00a0\u00bb, Jo\u00ebl n&rsquo;a pas fait le poids face&hellip;\n","protected":false},"author":2,"featured_media":315083,"comment_status":"","ping_status":"","sticky":false,"template":"","format":"standard","meta":{"footnotes":""},"categories":[1356],"tags":[58,59,1011,27,252,1364],"class_list":{"0":"post-315082","1":"post","2":"type-post","3":"status-publish","4":"format-standard","5":"has-post-thumbnail","7":"category-television","8":"tag-divertissement","9":"tag-entertainment","10":"tag-fr","11":"tag-france","12":"tag-television","13":"tag-tv"},"share_on_mastodon":{"url":"https:\/\/pubeurope.com\/@fr\/115018574657210036","error":""},"_links":{"self":[{"href":"https:\/\/www.europesays.com\/fr\/wp-json\/wp\/v2\/posts\/315082","targetHints":{"allow":["GET"]}}],"collection":[{"href":"https:\/\/www.europesays.com\/fr\/wp-json\/wp\/v2\/posts"}],"about":[{"href":"https:\/\/www.europesays.com\/fr\/wp-json\/wp\/v2\/types\/post"}],"author":[{"embeddable":true,"href":"https:\/\/www.europesays.com\/fr\/wp-json\/wp\/v2\/users\/2"}],"replies":[{"embeddable":true,"href":"https:\/\/www.europesays.com\/fr\/wp-json\/wp\/v2\/comments?post=315082"}],"version-history":[{"count":0,"href":"https:\/\/www.europesays.com\/fr\/wp-json\/wp\/v2\/posts\/315082\/revisions"}],"wp:featuredmedia":[{"embeddable":true,"href":"https:\/\/www.europesays.com\/fr\/wp-json\/wp\/v2\/media\/315083"}],"wp:attachment":[{"href":"https:\/\/www.europesays.com\/fr\/wp-json\/wp\/v2\/media?parent=315082"}],"wp:term":[{"taxonomy":"category","embeddable":true,"href":"https:\/\/www.europesays.com\/fr\/wp-json\/wp\/v2\/categories?post=315082"},{"taxonomy":"post_tag","embeddable":true,"href":"https:\/\/www.europesays.com\/fr\/wp-json\/wp\/v2\/tags?post=315082"}],"curies":[{"name":"wp","href":"https:\/\/api.w.org\/{rel}","templated":true}]}}