{"id":315086,"date":"2025-08-13T00:16:22","date_gmt":"2025-08-13T00:16:22","guid":{"rendered":"https:\/\/www.europesays.com\/fr\/315086\/"},"modified":"2025-08-13T00:16:22","modified_gmt":"2025-08-13T00:16:22","slug":"cinema-7-jours-nouveau-drame-iranien-scenarise-par-mohammad-rasoulof-une-reussite","status":"publish","type":"post","link":"https:\/\/www.europesays.com\/fr\/315086\/","title":{"rendered":"[CIN\u00c9MA] 7 jours, nouveau drame iranien sc\u00e9naris\u00e9 par Mohammad Rasoulof : une r\u00e9ussite"},"content":{"rendered":"<p>En avril dernier sortait sur les \u00e9crans <a href=\"https:\/\/www.bvoltaire.fr\/cinema-lire-lolita-a-teheran-la-dissidence-dun-groupe-de-femmes-en-iran\/\" target=\"_blank\" rel=\"noopener nofollow\">Lire Lolita \u00e0 T\u00e9h\u00e9ran<\/a>, une adaptation de l\u2019autobiographie d\u2019Azar Nafisi, qui posait la question, en fin de r\u00e9cit, de l\u2019exil pour toutes ces femmes iraniennes oppos\u00e9es au r\u00e9gime des mollahs. Un dilemme qui est au c\u0153ur, aujourd\u2019hui, de 7 jours, r\u00e9alis\u00e9 par le cin\u00e9aste irano-allemand Ali Samadi Ahadi.<\/p>\n<p>Co-\u00e9crit avec le r\u00e9prouv\u00e9 Mohammad Rasoulof (Un homme int\u00e8gre, Le diable n\u2019existe pas), le film devait initialement \u00eatre r\u00e9alis\u00e9 par ce dernier, qui tourna concomitamment <a href=\"https:\/\/www.bvoltaire.fr\/cinema-les-graines-du-figuier-sauvage-ou-le-prix-de-la-dissidence\/\" target=\"_blank\" rel=\"noopener nofollow\">Les Graines du figuier sauvage<\/a> \u2013 long-m\u00e9trage pol\u00e9mique qui lui valut une condamnation \u00e0 huit ans de prison et le poussa \u00e0 s\u2019exiler d\u00e9finitivement \u00e0 Hambourg\u2026<\/p>\n<p>En cinq mois seulement, Ali Samadi Ahadi parvint \u00e0 produire et \u00e0 mettre en bo\u00eete le projet, tourn\u00e9 discr\u00e8tement en dehors du pays, dans les montagnes de G\u00e9orgie (!), pour un r\u00e9sultat final tout \u00e0 fait saisissant.<\/p>\n<p>Tr\u00e8s librement inspir\u00e9 de la figure de Narges Mohammadi, une militante iranienne pour les droits de l&rsquo;homme, de surcro\u00eet prix Nobel de la paix en 2023, 7 jours nous raconte l\u2019histoire de Maryam, une militante condamn\u00e9e par le r\u00e9gime, qui profite d\u2019une permission de sortie d\u2019une semaine, pour raison m\u00e9dicale, afin de passer la fronti\u00e8re et de retrouver sa famille, r\u00e9fugi\u00e9e depuis des ann\u00e9es en Allemagne. Ses proches l\u2019ignorent encore, mais Maryam n\u2019a pas l\u2019intention de rester \u00e0 leurs c\u00f4t\u00e9s. Elle compte, en effet, retourner en prison dans le d\u00e9lai imparti par les autorit\u00e9s et poursuivre son combat en Iran\u2026<\/p>\n<p>Un drame politico-familial aux accents de thriller<\/p>\n<p>Pens\u00e9 partiellement comme un thriller, avec dissimulations, \u00e9changes de t\u00e9l\u00e9phones portables, itin\u00e9raires p\u00e9rilleux, passeurs, fronti\u00e8res hyper surveill\u00e9es et compte \u00e0 rebours sous tension, 7 jours n\u2019en reste pas moins un drame. D\u2019abord familial, tant est douloureuse pour Maryam la perspective d\u2019\u00eatre \u00e0 nouveau s\u00e9par\u00e9e de ses enfants et de son mari apr\u00e8s les avoir \u00e0 peine retrouv\u00e9s\u00a0; puis politique, dans la mesure o\u00f9 la question centrale demeure celle de l\u2019engagement personnel et des sacrifices que l\u2019on consent pour la d\u00e9fense de nos id\u00e9es. Car contrairement \u00e0 son actrice Vishka Asayesh, qui a fait le choix de l\u2019exil en 2023, comme Golshifteh Farahani et Zar Amir Ebrahimi avant elle, Maryam estime plus l\u00e9gitime de mener le combat de l\u2019int\u00e9rieur plut\u00f4t que de l\u2019\u00e9tranger.<\/p>\n<p>Si la dimension thriller int\u00e9resse bien \u00e9videmment le cin\u00e9aste, qui a pris soin de d\u00e9crire les itin\u00e9raires en montagne des Iraniens et des Afghans fuyant la r\u00e9gion, c\u2019est surtout le dilemme politico-familial qu\u2019il choisit de mettre en exergue, avec toutes les incompr\u00e9hensions suscit\u00e9es chez les proches de Maryam\u2026<\/p>\n<p>R\u00e9ussi sur ses deux versants, bien \u00e9crit, le film offre \u00e0 Vishka Asayesh un r\u00f4le m\u00e9morable. Avec un peu de chance la verra-t-on peut-\u00eatre, prochainement, dans des films fran\u00e7ais, elle qui a choisi la France comme pays d\u2019exil.<\/p>\n<p>\u00a0<\/p>\n<p>4 \u00e9toiles sur 5<\/p>\n<\/p>\n<p>                    <a href=\"#\" rel=\"nofollow\" onclick=\"window.print(); pfTrackEvent('[CIN\u00c9MA] &lt;i&gt;7 jours&lt;\/i&gt;, nouveau drame iranien sc\u00e9naris\u00e9 par Mohammad Rasoulof : une r\u00e9ussite'); return false;\" title=\"Printer Friendly, PDF &amp; Email\"><br \/>\n                    <img decoding=\"async\" src=\"https:\/\/www.europesays.com\/fr\/wp-content\/uploads\/2025\/04\/printfriendly-icon-sm.png\" alt=\"Print Friendly, PDF &amp; Email\" class=\"pf-button-img\" style=\"width: 17px;height: 17px;\"\/>Imprimer, enregistrer en PDF cet article<br \/>\n                    <\/a><\/p>\n","protected":false},"excerpt":{"rendered":"En avril dernier sortait sur les \u00e9crans Lire Lolita \u00e0 T\u00e9h\u00e9ran, une adaptation de l\u2019autobiographie d\u2019Azar Nafisi, qui&hellip;\n","protected":false},"author":2,"featured_media":315087,"comment_status":"","ping_status":"","sticky":false,"template":"","format":"standard","meta":{"footnotes":""},"categories":[1354],"tags":[58,59,1346,1011,27,1360],"class_list":{"0":"post-315086","1":"post","2":"type-post","3":"status-publish","4":"format-standard","5":"has-post-thumbnail","7":"category-films","8":"tag-divertissement","9":"tag-entertainment","10":"tag-films","11":"tag-fr","12":"tag-france","13":"tag-movies"},"share_on_mastodon":{"url":"https:\/\/pubeurope.com\/@fr\/115018582549173887","error":""},"_links":{"self":[{"href":"https:\/\/www.europesays.com\/fr\/wp-json\/wp\/v2\/posts\/315086","targetHints":{"allow":["GET"]}}],"collection":[{"href":"https:\/\/www.europesays.com\/fr\/wp-json\/wp\/v2\/posts"}],"about":[{"href":"https:\/\/www.europesays.com\/fr\/wp-json\/wp\/v2\/types\/post"}],"author":[{"embeddable":true,"href":"https:\/\/www.europesays.com\/fr\/wp-json\/wp\/v2\/users\/2"}],"replies":[{"embeddable":true,"href":"https:\/\/www.europesays.com\/fr\/wp-json\/wp\/v2\/comments?post=315086"}],"version-history":[{"count":0,"href":"https:\/\/www.europesays.com\/fr\/wp-json\/wp\/v2\/posts\/315086\/revisions"}],"wp:featuredmedia":[{"embeddable":true,"href":"https:\/\/www.europesays.com\/fr\/wp-json\/wp\/v2\/media\/315087"}],"wp:attachment":[{"href":"https:\/\/www.europesays.com\/fr\/wp-json\/wp\/v2\/media?parent=315086"}],"wp:term":[{"taxonomy":"category","embeddable":true,"href":"https:\/\/www.europesays.com\/fr\/wp-json\/wp\/v2\/categories?post=315086"},{"taxonomy":"post_tag","embeddable":true,"href":"https:\/\/www.europesays.com\/fr\/wp-json\/wp\/v2\/tags?post=315086"}],"curies":[{"name":"wp","href":"https:\/\/api.w.org\/{rel}","templated":true}]}}