{"id":315092,"date":"2025-08-13T00:19:09","date_gmt":"2025-08-13T00:19:09","guid":{"rendered":"https:\/\/www.europesays.com\/fr\/315092\/"},"modified":"2025-08-13T00:19:09","modified_gmt":"2025-08-13T00:19:09","slug":"paga-accuse-de-viol-ses-filles-la-reaction-explosive-de-jazz-correia-apres-sa-garde-a-vue","status":"publish","type":"post","link":"https:\/\/www.europesays.com\/fr\/315092\/","title":{"rendered":"Paga accus\u00e9 de viol : \u201cses filles\u2026\u201d, la r\u00e9action explosive de Jazz Correia apr\u00e8s sa garde \u00e0 vue"},"content":{"rendered":"<p>Paga, de <strong>son vrai nom Anthony Paggini<\/strong>, a<br \/>\nl\u2019habitude de voir sa vie expos\u00e9e dans les m\u00e9dias. En effet, celui<br \/>\nqui est aujourd\u2019hui \u00e2g\u00e9 de 37 ans s\u00a0\u00bbest fait conna\u00eetre en 2012 en<br \/>\nparticipant aux Marseillais. Il est depuis devenu une<br \/>\nfigure phare du programme, \u00e0 tel point qu\u2019il participe presque \u00e0<br \/>\ntoutes les saisons. Cependant, le 8 aout 2025, il est interpell\u00e9<br \/>\nsur les plages de Ramatuelle, suite \u00e0 un d\u00e9p\u00f4t de plainte pour<br \/>\nviol. Le lendemain<a class=\"qbe-widget\" href=\"https:\/\/www.closermag.fr\/tv_tele_realite\/une-star-des-marseillais-en-garde-a-vue-descente-de-police-a-la-sortie-dun-restaurant-suite-a-de-graves-accusations-3570097\" target=\"_blank\" rel=\"noopener noreferrer\">, il est plac\u00e9 10 heures<br \/>\nen garde \u00e0 vue<\/a>, avant d\u2019\u00eatre rel\u00e2ch\u00e9.<\/p>\n<p>M\u00eame si le mari de Giuseppa est d\u00e9sormais libre, l\u2019affaire<br \/>\ncontinue de prendre de l\u2019ampleur sur les r\u00e9seaux sociaux, attis\u00e9e<br \/>\npa<a class=\"qbe-widget\" href=\"https:\/\/www.closermag.fr\/people\/paga-son-fantasme-cest-ces-sordides-revelations-de-son-ex-exhumees-apres-sa-garde-a-vue-3570501\" target=\"_blank\" rel=\"noopener noreferrer\">r une ancienne vid\u00e9o<br \/>\nfilm\u00e9e avec son ex.<\/a> Alors qu\u2019il est en pleine tourmente, Jazz<br \/>\nCorreia, qui s\u2019est elle aussi fait conna\u00eetre en participant \u00e0 des<br \/>\n\u00e9missions de t\u00e9l\u00e9-r\u00e9alit\u00e9, n\u2019a pas manqu\u00e9 de r\u00e9agir. Et elle ne<br \/>\nm\u00e2che pas ses mots.<\/p>\n<p>Jazz Correia r\u00e9agit \u00e0 l\u2019accusation de viol de Paga.<\/p>\n<p>\u00catre c\u00e9l\u00e8bre n\u2019a pas toujours de bons c\u00f4t\u00e9s. C\u2019est en tout cas<br \/>\nce qu\u2019affirme la s\u0153ur d\u2019Eva Queen. Questionn\u00e9e sur l\u2019affaire, la<br \/>\ncr\u00e9atrice de contenu a pris la parole sur les r\u00e9seaux sociaux et<br \/>\ntient \u00e0 rappeler que toutes les rumeurs autour de Paga touchent<br \/>\naussi sa famille : \u201cJe pense qu\u2019\u00eatre c\u00e9l\u00e8bre a vraiment des<br \/>\nc\u00f4t\u00e9s horribles. [\u2026] <strong>On peut carr\u00e9ment nous<br \/>\nd\u00e9truire la vie en toute impunit\u00e9 !<\/strong> Comme si nous<br \/>\nn\u2019avions pas, nous aussi, une vie de famille !\u201d,<br \/>\ns\u2019exclame-t-elle. L\u2019ancienne candidate de Qui veut \u00e9pouser mon fils<br \/>\npoursuit : \u201cVous imaginez que vos articles [\u2026] resteront, et<br \/>\nque les filles de Paga verront un jour que leur p\u00e8re a \u00e9t\u00e9 accus\u00e9<br \/>\nde viol ? Vous vous rendez compte de la gravit\u00e9 ?\u201d.<\/p>\n<p>Nul doute que ce soutien est le bienvenu pour <strong>Paga et sa<br \/>\nfamille.<\/strong> La veille, c\u2019est <a class=\"qbe-widget\" href=\"https:\/\/www.closermag.fr\/people\/lamour-et-le-calme-giuseppa-se-ressource-apres-une-aventure-pas-comme-les-autres-3570143\" target=\"_blank\" rel=\"noopener noreferrer\">sa femme Giuseppa<\/a> qui<br \/>\navait elle aussi \u00e9voqu\u00e9 ses<a class=\"qbe-widget\" href=\"https:\/\/www.closermag.fr\/people\/giuseppa-maman-la-compagne-de-paga-a-accouche-dune-deuxieme-fille-et-le-timing-est-surprenant-3439275\" target=\"_blank\" rel=\"noopener noreferrer\">\u00a0enfants, Giorgia et<br \/>\nAdrianna<\/a>, <a class=\"qbe-widget\" href=\"https:\/\/www.closermag.fr\/people\/attention-au-giuseppa-brise-le-silence-apres-la-garde-a-vue-de-paga-et-invoque-leurs-filles-3570535\" target=\"_blank\" rel=\"noopener noreferrer\">dans un message post\u00e9 sur<br \/>\nInstagram.<\/a> Elle remerciait toutes les personnes pr\u00e9sentes pour<br \/>\nelle et expliquait tenir le coup pour ses filles.<\/p>\n<p>Paga accus\u00e9 de viol : il sort du<br \/>\nsilence apr\u00e8s sa garde \u00e0 vue.<\/p>\n<p>De son c\u00f4t\u00e9, <a class=\"qbe-widget\" href=\"https:\/\/www.closermag.fr\/people\/un-peu-de-paix-et-de-serenite-sous-le-choc-paga-reagit-aux-accusations-infondees-3570279\" target=\"_blank\" rel=\"noopener noreferrer\">Anthony Paggini est sorti<br \/>\ndu silence<\/a> quelques jours plus t\u00f4t, en niant les faits qui lui<br \/>\n\u00e9taient reproch\u00e9s. Dans un communiqu\u00e9, il argumente en expliquant<br \/>\nqu\u2019il a \u00e9t\u00e9 lib\u00e9r\u00e9 sans poursuite.<\/p>\n<p>Ses avocats ont aussi pris la parole en affirmant :<br \/>\n\u201cL&rsquo;enqu\u00eate a rapidement permis d&rsquo;\u00e9tablir que<br \/>\n<strong>les accusations de viol dont il a fait l&rsquo;objet sont<br \/>\ntotalement infond\u00e9es.\u201d\u00a0<\/strong><\/p>\n","protected":false},"excerpt":{"rendered":"Paga, de son vrai nom Anthony Paggini, a l\u2019habitude de voir sa vie expos\u00e9e dans les m\u00e9dias. En&hellip;\n","protected":false},"author":2,"featured_media":312184,"comment_status":"","ping_status":"","sticky":false,"template":"","format":"standard","meta":{"footnotes":""},"categories":[8],"tags":[548,58,59,1011,27,11256,35356],"class_list":{"0":"post-315092","1":"post","2":"type-post","3":"status-publish","4":"format-standard","5":"has-post-thumbnail","7":"category-divertissement","8":"tag-article-simple","9":"tag-divertissement","10":"tag-entertainment","11":"tag-fr","12":"tag-france","13":"tag-jazz-correia","14":"tag-paga"},"share_on_mastodon":{"url":"https:\/\/pubeurope.com\/@fr\/115018594022097227","error":""},"_links":{"self":[{"href":"https:\/\/www.europesays.com\/fr\/wp-json\/wp\/v2\/posts\/315092","targetHints":{"allow":["GET"]}}],"collection":[{"href":"https:\/\/www.europesays.com\/fr\/wp-json\/wp\/v2\/posts"}],"about":[{"href":"https:\/\/www.europesays.com\/fr\/wp-json\/wp\/v2\/types\/post"}],"author":[{"embeddable":true,"href":"https:\/\/www.europesays.com\/fr\/wp-json\/wp\/v2\/users\/2"}],"replies":[{"embeddable":true,"href":"https:\/\/www.europesays.com\/fr\/wp-json\/wp\/v2\/comments?post=315092"}],"version-history":[{"count":0,"href":"https:\/\/www.europesays.com\/fr\/wp-json\/wp\/v2\/posts\/315092\/revisions"}],"wp:featuredmedia":[{"embeddable":true,"href":"https:\/\/www.europesays.com\/fr\/wp-json\/wp\/v2\/media\/312184"}],"wp:attachment":[{"href":"https:\/\/www.europesays.com\/fr\/wp-json\/wp\/v2\/media?parent=315092"}],"wp:term":[{"taxonomy":"category","embeddable":true,"href":"https:\/\/www.europesays.com\/fr\/wp-json\/wp\/v2\/categories?post=315092"},{"taxonomy":"post_tag","embeddable":true,"href":"https:\/\/www.europesays.com\/fr\/wp-json\/wp\/v2\/tags?post=315092"}],"curies":[{"name":"wp","href":"https:\/\/api.w.org\/{rel}","templated":true}]}}