{"id":315095,"date":"2025-08-13T00:21:14","date_gmt":"2025-08-13T00:21:14","guid":{"rendered":"https:\/\/www.europesays.com\/fr\/315095\/"},"modified":"2025-08-13T00:21:14","modified_gmt":"2025-08-13T00:21:14","slug":"qui-est-e-j-antoni-le-m-statistiques-nomme-par-donald-trump","status":"publish","type":"post","link":"https:\/\/www.europesays.com\/fr\/315095\/","title":{"rendered":"qui est E.\u00a0J.\u00a0Antoni, le \u00ab\u00a0M.\u00a0Statistiques\u00a0\u00bb nomm\u00e9 par Donald Trump\u00a0?"},"content":{"rendered":"<p>Son arriv\u00e9e \u00e0 la t\u00eate du d\u00e9partement du Bureau des donn\u00e9es sur l\u2019emploi intervient dix jours apr\u00e8s le limogeage de l\u2019ex-dirigeante accus\u00e9e sans preuves par le pr\u00e9sident d\u2019avoir truqu\u00e9 les derniers chiffres.<\/p>\n<p class=\"fig-paragraph\">Moins de deux semaines apr\u00e8s avoir brutalement \u00e9vinc\u00e9 la dirigeante du Bureau des statistiques de l\u2019emploi (BLS), Erika McEntarfer,\u00a0<a href=\"http:\/\/www.lefigaro.fr\/conjoncture\/donald-trump-nomme-l-un-de-ses-fervents-soutiens-a-la-tete-des-statistiques-de-l-emploi-20250812\" data-fig-type=\"NewsFlash\" data-gtm-custom-categorie=\"navigation\" data-gtm-custom-action=\"crossclick\" data-gtm-custom-label=\"Contextuel\" data-gtm-event=\"customEventSPE\" data-fig-domain=\"LEFIGARO\" rel=\"nofollow noopener\" target=\"_blank\">Donald Trump\u00a0a d\u00e9sign\u00e9, ce lundi, un nouveau responsable pour cette institution cl\u00e9<\/a>. Le poste revient \u00e0 E.\u00a0J. Antoni, \u00e9conomiste affili\u00e9 \u00e0 la Heritage Foundation. Ce centre de r\u00e9flexion conservateur qui avait pr\u00e9par\u00e9 un programme cl\u00e9 en main pour le candidat r\u00e9publicain, le \u00ab\u00a0Project 2025\u00a0\u00bb, favorable aux droits de douane et relayant p\u00e9riodiquement des th\u00e8ses complotistes.<\/p>\n<p class=\"fig-paragraph\">Sur le r\u00e9seau Truth Social, le pr\u00e9sident am\u00e9ricain a salu\u00e9 \u00ab\u00a0la comp\u00e9tence\u00a0\u00bb de son nouveau lieutenant et affirm\u00e9 qu\u2019il garantirait, lui, la publication de donn\u00e9es \u00ab\u00a0honn\u00eates et exactes\u00a0\u00bb, l\u00e0 o\u00f9 il accuse, sans preuves concr\u00e8tes, l\u2019ancienne commissaire d\u2019avoir \u00ab\u00a0truqu\u00e9 les chiffres de l\u2019emploi\u00a0\u00bb. Dans sa derni\u00e8re publication, l\u2019agence a r\u00e9duit de 258.000 le nombre de postes cr\u00e9\u00e9s sur les deux mois pr\u00e9c\u00e9dents, conform\u00e9ment \u00e0 ses habituels ajustements de donn\u00e9es pr\u00e9liminaires\u2026<\/p>\n<p class=\"fig-premium-paywall__infos\">\n        Cet article est r\u00e9serv\u00e9 aux abonn\u00e9s.        Il vous reste 72% \u00e0 d\u00e9couvrir.\n    <\/p>\n<p>                <img  data- alt=\"Le Figaro\" class=\"fig-img--complete fig-img\"\/><\/p>\n<p class=\"fig-premium-paywall__title\">Vous avez envie de lire la suite ?<\/p>\n<p class=\"fig-premium-paywall__subtitle\">D\u00e9bloquez tous les articles imm\u00e9diatement.<\/p>\n<p class=\"fig-premium-paywall__connect\">\n                D\u00e9j\u00e0 abonn\u00e9\u00a0?                <a class=\"fig-premium-paywall__connect-link\" href=\"https:\/\/connect.lefigaro.fr\/login?client=horizon_web&amp;type=main&amp;redirect_uri=https%3A%2F%2Fwww.lefigaro.fr%2Fconjoncture%2Fmdr-preparez-vous-a-27-millions-d-emplois-dans-2-semaines-qui-est-e-j-antoni-le-m-statistiques-nomme-par-donald-trump-20250812\" data-js-gtm=\"{&quot;customCategorie&quot;: &quot;conversion&quot;, &quot;customAction&quot;: &quot;before_Landing_Connexion_paywall_auto&quot;, &quot;customLabel&quot;: &quot;bGVmaWdhcm8uZnJfXzFmMDc3NWVkLTNjOGUtNjUzOC05NWNlLTY5ZGZjYTg3NjQxZF9fQXJ0aWNsZQ==_\u00abMdr, pr\u00e9parez-vous \u00e0 +\u00a027\u00a0millions d\u2019emplois dans 2\u00a0semaines\u00bb: qui est E.\u00a0J.\u00a0Antoni, le \u00ab\u00a0M.\u00a0Statistiques\u00a0\u00bb nomm\u00e9 par Donald Trump\u00a0?_488&quot;, &quot;customIDSPE&quot;: &quot;bGVmaWdhcm8uZnJfXzFmMDc3NWVkLTNjOGUtNjUzOC05NWNlLTY5ZGZjYTg3NjQxZF9fQXJ0aWNsZQ==&quot;, &quot;event&quot;: &quot;customEventSPE&quot;}\" rel=\"nofollow noopener\" target=\"_blank\"><br \/>\n                    Connectez-vous<br \/>\n                <\/a>\n            <\/p>\n","protected":false},"excerpt":{"rendered":"Son arriv\u00e9e \u00e0 la t\u00eate du d\u00e9partement du Bureau des donn\u00e9es sur l\u2019emploi intervient dix jours apr\u00e8s le&hellip;\n","protected":false},"author":2,"featured_media":315096,"comment_status":"","ping_status":"","sticky":false,"template":"","format":"standard","meta":{"footnotes":""},"categories":[6],"tags":[35,75,33,34,341,1011,27,8145],"class_list":{"0":"post-315095","1":"post","2":"type-post","3":"status-publish","4":"format-standard","5":"has-post-thumbnail","7":"category-economie","8":"tag-business","9":"tag-donald-trump","10":"tag-economie","11":"tag-economy","12":"tag-emploi","13":"tag-fr","14":"tag-france","15":"tag-nomination"},"share_on_mastodon":{"url":"https:\/\/pubeurope.com\/@fr\/115018602031615422","error":""},"_links":{"self":[{"href":"https:\/\/www.europesays.com\/fr\/wp-json\/wp\/v2\/posts\/315095","targetHints":{"allow":["GET"]}}],"collection":[{"href":"https:\/\/www.europesays.com\/fr\/wp-json\/wp\/v2\/posts"}],"about":[{"href":"https:\/\/www.europesays.com\/fr\/wp-json\/wp\/v2\/types\/post"}],"author":[{"embeddable":true,"href":"https:\/\/www.europesays.com\/fr\/wp-json\/wp\/v2\/users\/2"}],"replies":[{"embeddable":true,"href":"https:\/\/www.europesays.com\/fr\/wp-json\/wp\/v2\/comments?post=315095"}],"version-history":[{"count":0,"href":"https:\/\/www.europesays.com\/fr\/wp-json\/wp\/v2\/posts\/315095\/revisions"}],"wp:featuredmedia":[{"embeddable":true,"href":"https:\/\/www.europesays.com\/fr\/wp-json\/wp\/v2\/media\/315096"}],"wp:attachment":[{"href":"https:\/\/www.europesays.com\/fr\/wp-json\/wp\/v2\/media?parent=315095"}],"wp:term":[{"taxonomy":"category","embeddable":true,"href":"https:\/\/www.europesays.com\/fr\/wp-json\/wp\/v2\/categories?post=315095"},{"taxonomy":"post_tag","embeddable":true,"href":"https:\/\/www.europesays.com\/fr\/wp-json\/wp\/v2\/tags?post=315095"}],"curies":[{"name":"wp","href":"https:\/\/api.w.org\/{rel}","templated":true}]}}