{"id":315097,"date":"2025-08-13T00:22:23","date_gmt":"2025-08-13T00:22:23","guid":{"rendered":"https:\/\/www.europesays.com\/fr\/315097\/"},"modified":"2025-08-13T00:22:23","modified_gmt":"2025-08-13T00:22:23","slug":"un-puma-lattaque-par-derriere-une-fillette-de-11-ans-mordue-par-lanimal-qui-poursuit-ensuite-dautres-membres-de-la-famille-dans-la-maison","status":"publish","type":"post","link":"https:\/\/www.europesays.com\/fr\/315097\/","title":{"rendered":"Un puma l\u2019attaque par derri\u00e8re\u00a0: une fillette de 11 ans mordue par l\u2019animal qui poursuit ensuite d\u2019autres membres de la famille dans la maison"},"content":{"rendered":"<p>\n                                                                Dimanche 10\u00a0ao\u00fbt 2025, une petite fille de 11 ans a \u00e9t\u00e9 mordue par un puma devant sa maison \u00e0 Malibu en Californie aux \u00c9tats-Unis. L\u2019animal a ensuite poursuivi deux autres membres de la famille au sein du domicile.\n                            <\/p>\n<p>Alors qu\u2019un <a href=\"https:\/\/www.midilibre.fr\/2025\/08\/11\/jai-cru-que-cetait-un-chien-griffures-morsures-points-de-suture-un-coyote-attaque-un-enfant-de-6-ans-sur-une-aire-de-jeux-12871202.php\" target=\"_blank\" rel=\"nofollow noopener\">enfant a \u00e9t\u00e9 attaqu\u00e9 il y a pr\u00e8s d\u2019une semaine par un coyote<\/a> en Californie, c\u2019est une fillette de 11 ans qui a \u00e9t\u00e9 mordue par un puma \u00e0 Malibu dans le m\u00eame \u00c9tat am\u00e9ricain dimanche dernier, rapporte le <a href=\"https:\/\/www.latimes.com\/california\/story\/2025-08-11\/malibu-mountain-lion-attack\" target=\"_blank\" rel=\"nofollow noopener\">Los Angeles Times<\/a>. L\u2019animal a ensuite p\u00e9n\u00e9tr\u00e9 dans la maison et a essay\u00e9 de s\u2019en prendre \u00e0 deux autres membres de la famille.<\/p>\n<p>Des \u00ab\u00a0blessures mineures\u00a0\u00bb<\/p>\n<p>Alors que la jeune fille se trouvait aux abords de la maison, un puma a surgi, indique\u00a0le porte-parole du D\u00e9partement de la p\u00eache et de la faune de Californie, cit\u00e9 par la presse am\u00e9ricaine. L\u2019animal a alors attaqu\u00e9 l\u2019enfant par derri\u00e8re en \u00ab\u00a0la projetant sur le ventre et lui mordant le bras droit, la jambe et le bas du dos\u00a0\u00bb.<\/p>\n<p>En entendant des cris, la m\u00e8re a tent\u00e9 de lui venir en aide. C\u2019est \u00e0 ce moment-l\u00e0 que \u00ab\u00a0le puma s\u2019est mis \u00e0 poursuivre la m\u00e8re et son fr\u00e8re\u00a0\u00bb, pr\u00e9cise la police. Un des membres de la famille a alors sorti un pistolet paralysant et un tir a effray\u00e9 le f\u00e9lin.<\/p>\n<p>Des agents\u00a0du D\u00e9partement de la p\u00eache et de la faune sauvage de Californie sont intervenus et ont abattu le puma, qui se cachait encore dans la propri\u00e9t\u00e9. Selon les pompiers du comt\u00e9, la fillette a \u00e9t\u00e9 prise en charge pour des \u00ab\u00a0blessures mineures\u00a0\u00bb, souligne le Los Angeles Times.<\/p>\n<p>Les attaques de f\u00e9lins se font de plus en plus nombreuses, notamment en Californie et les autorit\u00e9s appellent \u00e0 la vigilance.<\/p>\n","protected":false},"excerpt":{"rendered":"Dimanche 10\u00a0ao\u00fbt 2025, une petite fille de 11 ans a \u00e9t\u00e9 mordue par un puma devant sa maison&hellip;\n","protected":false},"author":2,"featured_media":315098,"comment_status":"","ping_status":"","sticky":false,"template":"","format":"standard","meta":{"footnotes":""},"categories":[5],"tags":[11,1011,27,14,12,28],"class_list":{"0":"post-315097","1":"post","2":"type-post","3":"status-publish","4":"format-standard","5":"has-post-thumbnail","7":"category-international","8":"tag-actualites","9":"tag-fr","10":"tag-france","11":"tag-international","12":"tag-news","13":"tag-world"},"share_on_mastodon":{"url":"https:\/\/pubeurope.com\/@fr\/115018605972831810","error":""},"_links":{"self":[{"href":"https:\/\/www.europesays.com\/fr\/wp-json\/wp\/v2\/posts\/315097","targetHints":{"allow":["GET"]}}],"collection":[{"href":"https:\/\/www.europesays.com\/fr\/wp-json\/wp\/v2\/posts"}],"about":[{"href":"https:\/\/www.europesays.com\/fr\/wp-json\/wp\/v2\/types\/post"}],"author":[{"embeddable":true,"href":"https:\/\/www.europesays.com\/fr\/wp-json\/wp\/v2\/users\/2"}],"replies":[{"embeddable":true,"href":"https:\/\/www.europesays.com\/fr\/wp-json\/wp\/v2\/comments?post=315097"}],"version-history":[{"count":0,"href":"https:\/\/www.europesays.com\/fr\/wp-json\/wp\/v2\/posts\/315097\/revisions"}],"wp:featuredmedia":[{"embeddable":true,"href":"https:\/\/www.europesays.com\/fr\/wp-json\/wp\/v2\/media\/315098"}],"wp:attachment":[{"href":"https:\/\/www.europesays.com\/fr\/wp-json\/wp\/v2\/media?parent=315097"}],"wp:term":[{"taxonomy":"category","embeddable":true,"href":"https:\/\/www.europesays.com\/fr\/wp-json\/wp\/v2\/categories?post=315097"},{"taxonomy":"post_tag","embeddable":true,"href":"https:\/\/www.europesays.com\/fr\/wp-json\/wp\/v2\/tags?post=315097"}],"curies":[{"name":"wp","href":"https:\/\/api.w.org\/{rel}","templated":true}]}}