{"id":315107,"date":"2025-08-13T00:30:12","date_gmt":"2025-08-13T00:30:12","guid":{"rendered":"https:\/\/www.europesays.com\/fr\/315107\/"},"modified":"2025-08-13T00:30:12","modified_gmt":"2025-08-13T00:30:12","slug":"on-veut-faire-encore-mieux-avec-la-nouvelle-generation-un-nouveau-projet-porteur-despoirs-au-rct","status":"publish","type":"post","link":"https:\/\/www.europesays.com\/fr\/315107\/","title":{"rendered":"\u00ab\u00a0On veut faire encore mieux avec la nouvelle g\u00e9n\u00e9ration\u00a0\u00bb: un nouveau projet porteur d\u2019Espoirs au RCT"},"content":{"rendered":"<p>Passer de l\u2019autre c\u00f4t\u00e9. Franchir la pelouse du Campus RCT et rejoindre l\u2019espace \u00ab\u00a0des grands\u00a0\u00bb. C\u2019est un r\u00eave pour tous les gamins de la cat\u00e9gorie Espoirs. Et les exemples r\u00e9cents de Marius Domon ou de Ga\u00ebl Dr\u00e9an, qui sortent chacun d\u2019une saison r\u00e9ussie avec l\u2019effectif professionnel, leur permettent ais\u00e9ment de le nourrir.<\/p>\n<p>Les prot\u00e9g\u00e9s de C\u00e9dric B\u00e9al ont repris l\u2019entra\u00eenement avant leurs a\u00een\u00e9s, le 15 juillet dernier. Ils ont aussi eu droit \u00e0 un stage, dans les Hautes-Alpes, pour boucler leurs trois premi\u00e8res semaines de b\u00fbchage. L\u2019occasion de cr\u00e9er des liens, alors qu\u2019une nouvelle g\u00e9n\u00e9ration a r\u00e9cemment int\u00e9gr\u00e9 le p\u00f4le.<\/p>\n<p>\u00ab\u00a0On repart sur un projet de trois ans, confie C\u00e9dric B\u00e9al, responsable du centre de formation du RCT. Cette ann\u00e9e, l\u2019\u00e9tat d\u2019esprit est donc diff\u00e9rent. Il est au d\u00e9veloppement et \u00e0 la reconstruction.\u00a0\u00bb Entre les juniors qui montent, les recrues qui arrivent, les Espoirs qui se rapprochent des grands et la demi-douzaine de joueurs pr\u00eat\u00e9s, le groupe a effectivement fait le plein de nouveaux visages.<\/p>\n<p>\u00ab\u00a0Je suis plut\u00f4t satisfait des mecs qui sont all\u00e9s avec les pros, qui vont faire la pr\u00e9pa avec eux, et qui vont peut-\u00eatre matcher cette ann\u00e9e. C\u2019est une r\u00e9ussite pour notre premier projet et on veut faire encore mieux avec la nouvelle g\u00e9n\u00e9ration\u00a0\u00bb, annonce le technicien.<\/p>\n<p>Sept recrues\u2026 dont une XXL<\/p>\n<p>En plus des minots rest\u00e9s dans le giron du centre de formation, cinq jeunes ont \u00e9t\u00e9 promus au sein du \u00ab\u00a0CF\u00a0\u00bb. Sept autres y sont arriv\u00e9s, compensant ainsi les cinq d\u00e9parts d\u00e9finitifs de l\u2019intersaison. \u00ab\u00a0Ce sont des joueurs \u00e0 fort potentiel, qu\u2019on a pris en fonction des besoins de l\u2019\u00e9quipe professionnelle pour les prochaines ann\u00e9es. On voulait notamment de la puissance, de la polyvalence, et de la hauteur sur nos avants.\u00a0\u00bb<\/p>\n<p>Ont donc d\u00e9barqu\u00e9 le pilier Arthur Maza (Valence-Romans), les deuxi\u00e8me ligne Enzo Jean (La Rochelle) et Tom Vinel (Montpellier), le troisi\u00e8me ligne Noam Moreau (Montpellier), l\u2019ouvreur Lucas Bonneau (Provence Rugby) et le centre Andrea Azzolin (Biarritz). Reste le cas du grand espoir n\u00e9o-cal\u00e9donien en troisi\u00e8me ligne, Patrick Tuifua (Hawke\u2019s Bay), \u00ab\u00a0un recrutement en fait compl\u00e8tement professionnel\u00a0\u00bb. Car, \u00ab\u00a0m\u00eame s\u2019il fait partie du centre de formation, l\u2019objectif est qu\u2019il joue avec les pros\u00a0\u00bb.<\/p>\n<p>Plus de pr\u00eats, plus de pros?<\/p>\n<p>Pour C\u00e9dric B\u00e9al, l\u2019avenir du RCT ne se construit toutefois pas qu\u2019au Campus. Il se b\u00e2tit aussi \u00e0 Nevers, Colomiers, Niort, Oyonnax ou Chamb\u00e9ry, l\u00e0 o\u00f9 six de ses Espoirs ont \u00e9t\u00e9 pr\u00eat\u00e9s. Un chiffre plus \u00e9lev\u00e9 qu\u2019\u00e0 l\u2019accoutum\u00e9e: \u00ab\u00a0Ce sont typiquement des joueurs qu\u2019on perdait les ann\u00e9es pr\u00e9c\u00e9dentes. Ils signaient ailleurs, \u00e7a fonctionnait, et on se disait apr\u00e8s \u201cAh, on aurait peut-\u00eatre d\u00fb les garder\u00a0\u00bb. Les pr\u00eats leur \u00e9vitent de passer un an suppl\u00e9mentaire chez les jeunes. Ils peuvent matcher contre des adultes en pro. Et c\u2019est pour nous une strat\u00e9gie de suivi de ces joueurs. \u00bb Comme si l\u2019encadrement des Espoirs avait pens\u00e9 \u00e0 tout. Aussi, on ne rallie pas la finale du championnat de France en claquant des doigts. Pas plus qu\u2019on ne passe, en un an, de la derni\u00e8re \u00e0 la 5e place du classement des centres de formation de l\u2019\u00e9lite, en un seul coup de baguette magique. Reste donc, d\u00e9sormais, \u00e0 poursuivre la construction.<\/p>\n<p>L\u2019effectif du centre de formation<\/p>\n<p><b>Piliers gauches:<\/b> L\u00e9o Ametlla, Samuel Jean-Christophe, Ghiponi Anto-Natale (1).<\/p>\n<p><b>Piliers droits:<\/b> Lohann Gil, Owen Sorhaindo, Arthur Maza, Davit Mtchelidze (pr\u00eat\u00e9 \u00e0 Nevers).<\/p>\n<p><b>Talonneurs:<\/b> Pierre Damond, J\u00e9r\u00e9my Toevalu, Mathias Mazzoni (1).<\/p>\n<p><b>Deuxi\u00e8me ligne:<\/b> Antonio Gamez, Corentin M\u00e9zou, Christian Mendes, Tom Vinel, Enzo Jean, Davit Baramia (1), Thomas Adela\u00efde (pr\u00eat\u00e9 \u00e0 Colomiers).<\/p>\n<p><b>Troisi\u00e8me ligne:<\/b> Jo\u00e9 Quere-Karaba, Mikheili Shioshvili, Fabio Zingone, Jovan Sreckovic (1), No\u00e9 Soko (1), Patrick Tuifua, Noam Moreau, Marc Essoh (pr\u00eat\u00e9 \u00e0 Chamb\u00e9ry).<\/p>\n<p><b>Demis de m\u00eal\u00e9e:<\/b> Giani Calleya, Edouard Sabotin-Desclaud.<\/p>\n<p><b>Demis d\u2019ouverture:<\/b> Finn Newton, Lucas Bonneau, Lohan Sabbia (pr\u00eat\u00e9 \u00e0 Niort).<\/p>\n<p><b>Centres:<\/b> Kyllian B\u00e9al, Oliver Cowie, Andrea Azzolin.<\/p>\n<p><b>Ailiers:<\/b> Mat\u00e9o Gracieux, Barnab\u00e9 M\u00e9chentel, Louis Morland (pr\u00eat\u00e9 \u00e0 Oyonnax).<\/p>\n<p><b>Arri\u00e8re:<\/b> Alberto Carmona (pr\u00eat\u00e9 \u00e0 Colomiers).<\/p>\n<p>1. Joueurs promus au centre de formation. En italique, les recrues.<\/p>\n<p>              <img ci-src=\"https:\/\/www.varmatin.com\/rugby\/protec\/DATA_ART_16059340-dKJFXCGK.jpg?vh=3aae90&amp;ci_seal=2fbb0f5dfa\" alt=\"\"\/><br \/>\n        Le jeune Fabio Zingone \u00e0 l\u2019entra\u00eenement.\t <strong>Photo L. B..<\/strong> <\/p>\n<p>                                Qui verra-t-on chez les pros?<\/p>\n<p>Si Pierre Damond, Corentin M\u00e9zou, Jo\u00e9 Quere-Karaba et Oliver Cowie ont d\u00e9j\u00e0 eu l\u2019opportunit\u00e9 de porter les couleurs du RCT en Top 14, d\u2019autres membres actuels du centre de formation ont aussi int\u00e9gr\u00e9 la bande \u00e0 Pierre Mignoni durant la pr\u00e9paration estivale. Auront-ils leur chance en pro d\u00e8s cette saison? L\u2019avenir le dira. Mais certains ont, selon C\u00e9dric B\u00e9al, d\u00e9j\u00e0 de bons atouts pour matcher avec l\u2019\u00e9quipe premi\u00e8re.<\/p>\n<p>L\u2019ancien flanker d\u00e9taille: \u00ab\u00a0Il y a le pilier gauche L\u00e9o Ametlla qui, pour tout le monde ici au club, est pr\u00eat. \u00c0 lui d\u2019\u00eatre bon lorsqu\u2019on fera appel \u00e0 lui. Il y a aussi des ailiers, Mat\u00e9o Gracieux et Barnab\u00e9 M\u00e9chentel, qui vont sortir leur \u00e9pingle du jeu. Leurs gros points forts sont leur capacit\u00e9 \u00e0 encha\u00eener les t\u00e2ches, \u00e0 r\u00e9p\u00e9ter les efforts \u00e0 haute intensit\u00e9 et \u00e0 \u00eatre forts sous les ballons hauts.\u00a0\u00bb Quant \u00e0 Owen Sorhaindo (pilier droit) et Fabio Zingone (troisi\u00e8me ligne), ils pourraient aussi commencer \u00e0 pointer le bout de leur nez.<\/p>\n<p>                                Le programme de l&rsquo;\u00e9t\u00e9<\/p>\n<p>Durant ce mois d\u2019ao\u00fbt, l\u2019effectif des Espoirs est scind\u00e9 en deux. Une partie du groupe va continuer \u00e0 se d\u00e9velopper \u00e0 XV, tandis qu\u2019une autre va davantage s\u2019orienter sur du rugby \u00e0 VII. Ils seront d\u2019ailleurs une dizaine \u00e0 participer aux \u00e9tapes estivales du Supersevens, pr\u00e9vues les 16, 23 et 30 ao\u00fbt, \u00e0 Mont-de-Marsan, Dax et Pau.<\/p>\n<p>Les jeunes du centre de formation devraient aussi \u00eatre fortement mobilis\u00e9s le vendredi 22 ao\u00fbt, lors du match amical des pros contre Perpignan \u00e0 Aim\u00e9-Giral. Certains pourraient \u00e9galement \u00eatre de la partie \u00e0 Issoire, le 29 ao\u00fbt, contre Clermont. Enfin, un match amical a \u00e9t\u00e9 programm\u00e9 au 30 ao\u00fbt pour l\u2019\u00e9quipe Espoirs. Ce sera face \u00e0 leurs homologues de Valence-Romans, avant le d\u00e9but de la saison, pr\u00e9vu le week-end du 13 septembre.<\/p>\n","protected":false},"excerpt":{"rendered":"Passer de l\u2019autre c\u00f4t\u00e9. Franchir la pelouse du Campus RCT et rejoindre l\u2019espace \u00ab\u00a0des grands\u00a0\u00bb. C\u2019est un r\u00eave&hellip;\n","protected":false},"author":2,"featured_media":315108,"comment_status":"","ping_status":"","sticky":false,"template":"","format":"standard","meta":{"footnotes":""},"categories":[9619],"tags":[1111,11,1777,674,1011,27,12,882,25,479,60,2310],"class_list":{"0":"post-315107","1":"post","2":"type-post","3":"status-publish","4":"format-standard","5":"has-post-thumbnail","7":"category-toulon","8":"tag-actu","9":"tag-actualites","10":"tag-eu","11":"tag-europe","12":"tag-fr","13":"tag-france","14":"tag-news","15":"tag-provence-alpes-cote-dazur","16":"tag-republique-francaise","17":"tag-rugby","18":"tag-sports","19":"tag-toulon"},"share_on_mastodon":{"url":"https:\/\/pubeurope.com\/@fr\/115018637223805112","error":""},"_links":{"self":[{"href":"https:\/\/www.europesays.com\/fr\/wp-json\/wp\/v2\/posts\/315107","targetHints":{"allow":["GET"]}}],"collection":[{"href":"https:\/\/www.europesays.com\/fr\/wp-json\/wp\/v2\/posts"}],"about":[{"href":"https:\/\/www.europesays.com\/fr\/wp-json\/wp\/v2\/types\/post"}],"author":[{"embeddable":true,"href":"https:\/\/www.europesays.com\/fr\/wp-json\/wp\/v2\/users\/2"}],"replies":[{"embeddable":true,"href":"https:\/\/www.europesays.com\/fr\/wp-json\/wp\/v2\/comments?post=315107"}],"version-history":[{"count":0,"href":"https:\/\/www.europesays.com\/fr\/wp-json\/wp\/v2\/posts\/315107\/revisions"}],"wp:featuredmedia":[{"embeddable":true,"href":"https:\/\/www.europesays.com\/fr\/wp-json\/wp\/v2\/media\/315108"}],"wp:attachment":[{"href":"https:\/\/www.europesays.com\/fr\/wp-json\/wp\/v2\/media?parent=315107"}],"wp:term":[{"taxonomy":"category","embeddable":true,"href":"https:\/\/www.europesays.com\/fr\/wp-json\/wp\/v2\/categories?post=315107"},{"taxonomy":"post_tag","embeddable":true,"href":"https:\/\/www.europesays.com\/fr\/wp-json\/wp\/v2\/tags?post=315107"}],"curies":[{"name":"wp","href":"https:\/\/api.w.org\/{rel}","templated":true}]}}