{"id":315109,"date":"2025-08-13T00:31:16","date_gmt":"2025-08-13T00:31:16","guid":{"rendered":"https:\/\/www.europesays.com\/fr\/315109\/"},"modified":"2025-08-13T00:31:16","modified_gmt":"2025-08-13T00:31:16","slug":"mateo-garcia-veut-etre-decisif-avec-toulon-je-ne-dois-pas-faire-nimporte-quoi","status":"publish","type":"post","link":"https:\/\/www.europesays.com\/fr\/315109\/","title":{"rendered":"Mat\u00e9o Garcia veut \u00eatre d\u00e9cisif avec Toulon : \u00ab\u00a0Je ne dois pas faire n\u2019importe quoi\u00a0\u00bb"},"content":{"rendered":"<p>Fra\u00eechement arriv\u00e9 sur la rade apr\u00e8s avoir quitt\u00e9 Bordeaux-B\u00e8gles, Mat\u00e9o Garcia entame une nouvelle aventure sous le maillot du RCT.<\/p>\n<p>Entre enthousiasme, ambition et volont\u00e9 de sortir de sa zone de confort, il explique ses objectifs dans les colonnes de <a href=\"https:\/\/www.rugbyrama.fr\/2025\/08\/12\/top-14-mateo-garcia-je-suis-venu-a-toulon-pour-me-mettre-en-danger-et-me-challenger-12872980.php\" rel=\"nofollow noopener\" target=\"_blank\">Midi Olympique.<\/a><\/p>\n<p>Des objectifs clairs pour la saison.<\/p>\n<p><strong>Sous les ordres de Pierre Mignoni, il sait ce qu\u2019il doit am\u00e9liorer. Il r\u00e9sume sa mission. Extrait : <\/strong><\/p>\n<p>\u00ab\u00a0\u00c0 mon poste, je dois cadrer les choses, et ne pas faire n\u2019importe quoi. Je suis un joueur d\u2019instinct. Je dois conserver cette qualit\u00e9, mais dans le jeu structur\u00e9. C\u2019est d\u2019ailleurs souvent le cas pour les ouvreurs. Je dois travailler mon jeu, notamment dans la prise de d\u00e9cision. C\u2019est assez marrant, mais en bref : je dois \u00eatre un ouvreur qui doit \u00eatre en capacit\u00e9 de sortir parfois du cadre, tout en le conservant selon ce que le jeu demande. Apr\u00e8s, plus individuellement, j\u2019ai envie de jouer le plus possible, et bien \u00e9videmment pour l\u2019\u00e9quipe, j\u2019ai envie qu\u2019on fasse mieux que l\u2019an pass\u00e9 dans les deux comp\u00e9titions. La barre est haute, mais il faut \u00eatre ambitieux.\u00a0\u00bb<\/p>\n<p><strong>Apr\u00e8s avoir go\u00fbt\u00e9 aux joies d\u2019un sacre depuis l\u2019infirmerie, il veut \u00eatre acteur cette fois. Il conclut avec ambition. Extrait\u00a0 : <\/strong><\/p>\n<p>\u00ab\u00a0J\u2019ai plut\u00f4t bien v\u00e9cu ce succ\u00e8s, car comme vous l\u2019avez dit, j\u2019\u00e9tais bless\u00e9 et mes chances d\u2019\u00eatre disponible \u00e9taient nulles. J\u2019ai \u00e9t\u00e9 le premier supporter de mes partenaires, et j\u2019ai v\u00e9cu un moment fantastique. Le retour \u00e0 Bordeaux a \u00e9t\u00e9 incroyable. J\u2019ai donc go\u00fbt\u00e9 un peu de \u00e7a. Maintenant, j\u2019ai envie de vivre ces moments sur la pelouse.\u00a0\u00bb<\/p>\n<p>Un discours franc et motiv\u00e9, \u00e0 l\u2019image d\u2019un joueur d\u00e9termin\u00e9 \u00e0 s\u2019imposer \u00e0 Toulon et \u00e0 marquer cette nouvelle \u00e9tape de sa carri\u00e8re par des succ\u00e8s sur le terrain.<\/p>\n","protected":false},"excerpt":{"rendered":"Fra\u00eechement arriv\u00e9 sur la rade apr\u00e8s avoir quitt\u00e9 Bordeaux-B\u00e8gles, Mat\u00e9o Garcia entame une nouvelle aventure sous le maillot&hellip;\n","protected":false},"author":2,"featured_media":314523,"comment_status":"","ping_status":"","sticky":false,"template":"","format":"standard","meta":{"footnotes":""},"categories":[9619],"tags":[1111,11,1777,674,1011,27,12,882,25,2310],"class_list":{"0":"post-315109","1":"post","2":"type-post","3":"status-publish","4":"format-standard","5":"has-post-thumbnail","7":"category-toulon","8":"tag-actu","9":"tag-actualites","10":"tag-eu","11":"tag-europe","12":"tag-fr","13":"tag-france","14":"tag-news","15":"tag-provence-alpes-cote-dazur","16":"tag-republique-francaise","17":"tag-toulon"},"share_on_mastodon":{"url":"https:\/\/pubeurope.com\/@fr\/115018641183509931","error":""},"_links":{"self":[{"href":"https:\/\/www.europesays.com\/fr\/wp-json\/wp\/v2\/posts\/315109","targetHints":{"allow":["GET"]}}],"collection":[{"href":"https:\/\/www.europesays.com\/fr\/wp-json\/wp\/v2\/posts"}],"about":[{"href":"https:\/\/www.europesays.com\/fr\/wp-json\/wp\/v2\/types\/post"}],"author":[{"embeddable":true,"href":"https:\/\/www.europesays.com\/fr\/wp-json\/wp\/v2\/users\/2"}],"replies":[{"embeddable":true,"href":"https:\/\/www.europesays.com\/fr\/wp-json\/wp\/v2\/comments?post=315109"}],"version-history":[{"count":0,"href":"https:\/\/www.europesays.com\/fr\/wp-json\/wp\/v2\/posts\/315109\/revisions"}],"wp:featuredmedia":[{"embeddable":true,"href":"https:\/\/www.europesays.com\/fr\/wp-json\/wp\/v2\/media\/314523"}],"wp:attachment":[{"href":"https:\/\/www.europesays.com\/fr\/wp-json\/wp\/v2\/media?parent=315109"}],"wp:term":[{"taxonomy":"category","embeddable":true,"href":"https:\/\/www.europesays.com\/fr\/wp-json\/wp\/v2\/categories?post=315109"},{"taxonomy":"post_tag","embeddable":true,"href":"https:\/\/www.europesays.com\/fr\/wp-json\/wp\/v2\/tags?post=315109"}],"curies":[{"name":"wp","href":"https:\/\/api.w.org\/{rel}","templated":true}]}}