{"id":31511,"date":"2025-04-17T11:04:52","date_gmt":"2025-04-17T11:04:52","guid":{"rendered":"https:\/\/www.europesays.com\/fr\/31511\/"},"modified":"2025-04-17T11:04:52","modified_gmt":"2025-04-17T11:04:52","slug":"nancy-le-singe-jojo-fait-son-retour-a-la-pepiniere-grace-a-un-street-artiste","status":"publish","type":"post","link":"https:\/\/www.europesays.com\/fr\/31511\/","title":{"rendered":"Nancy. Le singe Jojo fait son \u00ab\u00a0retour\u00a0\u00bb \u00e0 la P\u00e9pini\u00e8re gr\u00e2ce \u00e0 un street-artiste"},"content":{"rendered":"<p>Ils n\u2019avaient rien \u00e0 faire ici. Pourtant certains s\u2019y sont attard\u00e9s, comme ces ours qui, dans leur fosse, <a href=\"https:\/\/www.estrepublicain.fr\/culture-loisirs\/2023\/05\/11\/savez-vous-quels-animaux-empoisonnes-sont-toujours-visibles-a-nancy\" target=\"_blank\" rel=\"nofollow noopener\">finirent h\u00e9las empoisonn\u00e9s.<\/a> Les petits macaques, aussi, <a href=\"https:\/\/www.estrepublicain.fr\/environnement\/2020\/12\/24\/les-macaques-de-java-ont-quitte-le-parc-de-la-pepiniere-pour-la-belgique\" target=\"_blank\" rel=\"nofollow noopener\">\u00e0 qui on a eu du mal \u00e0 trouver un refuge.<\/a> Ou bien s\u00fbr, le c\u00e9l\u00e9brissime Jojo, chimpanz\u00e9 de son \u00e9tat, star du parc animalier de la P\u00e9pini\u00e8re 41 ans durant, <a href=\"https:\/\/www.estrepublicain.fr\/fil-info\/2012\/02\/20\/nancy-jojo-n-est-plus\" target=\"_blank\" rel=\"nofollow noopener\">jusqu\u2019\u00e0 son d\u00e9c\u00e8s en 2012.<\/a><\/p>\n<p>Aujourd\u2019hui, Joris Infanti y voit un scandale. \u00ab\u00a0Parce qu\u2019aujourd\u2019hui, on mesure \u00e0 quel point c\u2019\u00e9tait d\u00e9testable, ces animaux prisonniers ici. Mais comme la plupart des Nanc\u00e9iens, j\u2019en ai aussi gard\u00e9 des souvenirs d\u2019enfance plut\u00f4t&#8230;<\/p>\n","protected":false},"excerpt":{"rendered":"Ils n\u2019avaient rien \u00e0 faire ici. Pourtant certains s\u2019y sont attard\u00e9s, comme ces ours qui, dans leur fosse,&hellip;\n","protected":false},"author":2,"featured_media":31512,"comment_status":"","ping_status":"","sticky":false,"template":"","format":"standard","meta":{"footnotes":""},"categories":[9635],"tags":[1111,11,1867,1687,1704,1777,674,2271,1011,27,775,1702,1703,12,25,104],"class_list":{"0":"post-31511","1":"post","2":"type-post","3":"status-publish","4":"format-standard","5":"has-post-thumbnail","7":"category-nancy","8":"tag-actu","9":"tag-actualites","10":"tag-animaux","11":"tag-culture-loisirs","12":"tag-edition-nancy-et-agglomeration","13":"tag-eu","14":"tag-europe","15":"tag-exposition-arts-plastiques","16":"tag-fr","17":"tag-france","18":"tag-grand-est","19":"tag-nancy","20":"tag-nancy-ville-54b","21":"tag-news","22":"tag-republique-francaise","23":"tag-societe"},"share_on_mastodon":{"url":"https:\/\/pubeurope.com\/@fr\/114352981847423091","error":""},"_links":{"self":[{"href":"https:\/\/www.europesays.com\/fr\/wp-json\/wp\/v2\/posts\/31511","targetHints":{"allow":["GET"]}}],"collection":[{"href":"https:\/\/www.europesays.com\/fr\/wp-json\/wp\/v2\/posts"}],"about":[{"href":"https:\/\/www.europesays.com\/fr\/wp-json\/wp\/v2\/types\/post"}],"author":[{"embeddable":true,"href":"https:\/\/www.europesays.com\/fr\/wp-json\/wp\/v2\/users\/2"}],"replies":[{"embeddable":true,"href":"https:\/\/www.europesays.com\/fr\/wp-json\/wp\/v2\/comments?post=31511"}],"version-history":[{"count":0,"href":"https:\/\/www.europesays.com\/fr\/wp-json\/wp\/v2\/posts\/31511\/revisions"}],"wp:featuredmedia":[{"embeddable":true,"href":"https:\/\/www.europesays.com\/fr\/wp-json\/wp\/v2\/media\/31512"}],"wp:attachment":[{"href":"https:\/\/www.europesays.com\/fr\/wp-json\/wp\/v2\/media?parent=31511"}],"wp:term":[{"taxonomy":"category","embeddable":true,"href":"https:\/\/www.europesays.com\/fr\/wp-json\/wp\/v2\/categories?post=31511"},{"taxonomy":"post_tag","embeddable":true,"href":"https:\/\/www.europesays.com\/fr\/wp-json\/wp\/v2\/tags?post=31511"}],"curies":[{"name":"wp","href":"https:\/\/api.w.org\/{rel}","templated":true}]}}