{"id":315114,"date":"2025-08-13T00:37:26","date_gmt":"2025-08-13T00:37:26","guid":{"rendered":"https:\/\/www.europesays.com\/fr\/315114\/"},"modified":"2025-08-13T00:37:26","modified_gmt":"2025-08-13T00:37:26","slug":"grenoble-en-tete-des-grandes-villes-pour-les-ilots-de-chaleur","status":"publish","type":"post","link":"https:\/\/www.europesays.com\/fr\/315114\/","title":{"rendered":"GRENOBLE EN T\u00caTE DES GRANDES VILLES POUR LES ILOTS DE CHALEUR"},"content":{"rendered":"<p>Posted On 12 ao\u00fbt 2025 <\/p>\n<p style=\"text-align: justify;\">Le Cerema (Centre d&rsquo;\u00e9tudes et d&rsquo;expertise sur les risques, l&rsquo;environnement, la mobilit\u00e9 et l&rsquo;am\u00e9nagement) confirme le CNRS : \u00e7a chauffe fort \u00e0 Grenoble du fait <a href=\"https:\/\/grenoble-le-changement.fr\/2022\/06\/21\/ilots-de-chaleur-e-piolle-poursuit-la-betonisation-de-grenoble\/\" target=\"_blank\" rel=\"noopener\">de l&rsquo;intense urbanisation<\/a> d\u00e9cid\u00e9e par la municipalit\u00e9.\u00a0<\/p>\n<p style=\"text-align: justify;\">En 2022 Grenoble avait \u00e9t\u00e9 class\u00e9e premi\u00e8re grande ville Fran\u00e7aise pour les ilots de chaleur. La carte interactive mise \u00e0 disposition par le CEREMA confirme ces inqui\u00e9tantes donn\u00e9es. Les \u00e9lus Rouge\/Verts ont d\u00e9cid\u00e9 le contraire de ce qu&rsquo;il faut faire dans une cuvette g\u00e9ographique particuli\u00e8rement menac\u00e9e par le r\u00e9chauffement climatique.<\/p>\n<p><a href=\"https:\/\/i0.wp.com\/grenoble-le-changement.fr\/wp-content\/uploads\/2025\/08\/Capture-de\u0301cran-2025-08-10-a\u0300-12.34.35.png?ssl=1\" rel=\"lightbox[83904] noopener\" target=\"_blank\"><img decoding=\"async\" data-id=\"83905\" src=\"https:\/\/i0.wp.com\/grenoble-le-changement.fr\/wp-content\/uploads\/2025\/08\/Capture-de\u0301cran-2025-08-10-a\u0300-12.34.35.png?resize=678%2C732&amp;ssl=1\" alt=\"\" class=\"wp-image-83905 jetpack-lazy-image\" data-recalc-dims=\"1\" data-lazy-src=\"https:\/\/i0.wp.com\/grenoble-le-changement.fr\/wp-content\/uploads\/2025\/08\/Capture-de\u0301cran-2025-08-10-a\u0300-12.34.35.png?resize=678%2C732&amp;is-pending-load=1#038;ssl=1\" \/><\/a><br \/>\nLa carte publi\u00e9e par le CEREMA : Grenoble est pratiquement dans sa totalit\u00e9 en zone rouge, celle de l&rsquo;\u00e9l\u00e9vation dangereuse des temp\u00e9ratures du fait de l&rsquo;urbanisation <\/p>\n<p><strong>LES \u00ab\u00a0\u00c9COQUARTIERS\u00a0\u00bb (!) SUBISSENT LES M\u00caMES HAUSSES QUE LES ANCIENS<\/strong><\/p>\n<p style=\"text-align: justify;\">Etonnamment les nouveaux quartiers ont \u00e9t\u00e9 class\u00e9s en zone grise, \u00ab\u00a0large low-rise\u00a0\u00bb selon la nomenclature internationale (grands b\u00e2timents bas) pas r\u00e9pertori\u00e9s, alors que lorsqu&rsquo;on observe la carte des temp\u00e9ratures publi\u00e9es par ce m\u00eame CEREMA on constate que les nouveaux \u00ab\u00a0\u00e9coquartiers\u00a0\u00bb (!) subissent les m\u00eames \u00e9l\u00e9vations de temp\u00e9ratures que les anciens quartiers !\u00a0<\/p>\n<p style=\"text-align: justify;\"><strong>BONNE, PRESQU&rsquo;ILE, FLAUBERT: LES TEMP\u00c9RATURES MONTENT<\/strong><\/p>\n<p style=\"text-align: justify;\">Qu&rsquo;il s&rsquo;agisse de la caserne de Bonne, <a href=\"https:\/\/grenoble-le-changement.fr\/2022\/07\/02\/presquile-vaste-ilot-de-chaleur-en-formation\/\" target=\"_blank\" rel=\"noopener\">de la Presqu&rsquo;ile<\/a> ou de <a href=\"https:\/\/grenoble-le-changement.fr\/2021\/02\/07\/flaubert-un-nouvel-ilot-de-chaleur-en-construction\/\" target=\"_blank\" rel=\"noopener\">Flaubert en construction<\/a>, sans parler des anciens comme Vigny-Musset ou Bouchayer-Viallet. L&rsquo;urbanisme Rouge\/Verts a donc bien aggrav\u00e9 la situation en ne corrigeant pas la tendance permettant de lutter contre le r\u00e9chauffement climatique.\u00a0<\/p>\n<p style=\"text-align: justify;\">Autant on peut pardonner aux Maires des ann\u00e9es 60 et 70 de ne pas l&rsquo;avoir anticip\u00e9 par m\u00e9connaissance, autant on peut accuser de crime contre les g\u00e9n\u00e9rations futures<a href=\"https:\/\/grenoble-le-changement.fr\/2022\/06\/21\/ilots-de-chaleur-e-piolle-poursuit-la-betonisation-de-grenoble\/\" target=\"_blank\" rel=\"noopener\"> ceux qui ont continu\u00e9 apr\u00e8s 2014.\u00a0<\/a><\/p>\n<p style=\"text-align: justify;\"><strong>LA POPULATION PR\u00c9CAIRE PLUS EXPOS\u00c9E<\/strong><\/p>\n<p style=\"text-align: justify;\">Le Cerema souligne que \u00ab\u00a0ce sont les communes les plus dens\u00e9ment urbanis\u00e9es, et o\u00f9 l\u2019exposition des habitants aux pollutions et nuisances environnementales (temp\u00e9ratures \u00e9lev\u00e9es en \u00e9t\u00e9, pollutions aux particules, au bruit) est la plus forte. L\u2019\u00e9tat des lieux montre aussi que la population pr\u00e9caire, dont l\u2019\u00e9tat de sant\u00e9 est g\u00e9n\u00e9ralement moins bon, y est plus importante\u00a0\u00bb.<\/p>\n<p><a href=\"https:\/\/i0.wp.com\/grenoble-le-changement.fr\/wp-content\/uploads\/2025\/08\/Capture-de\u0301cran-2025-08-10-a\u0300-12.40.41.png?ssl=1\" rel=\"lightbox[83904] noopener\" target=\"_blank\"><img decoding=\"async\" data-id=\"83906\" src=\"https:\/\/i0.wp.com\/grenoble-le-changement.fr\/wp-content\/uploads\/2025\/08\/Capture-de\u0301cran-2025-08-10-a\u0300-12.40.41.png?resize=678%2C652&amp;ssl=1\" alt=\"\" class=\"wp-image-83906 jetpack-lazy-image\" data-recalc-dims=\"1\" data-lazy-src=\"https:\/\/i0.wp.com\/grenoble-le-changement.fr\/wp-content\/uploads\/2025\/08\/Capture-de\u0301cran-2025-08-10-a\u0300-12.40.41.png?resize=678%2C652&amp;is-pending-load=1#038;ssl=1\" \/><\/a><br \/>\nLa carte de l&rsquo;\u00e9l\u00e9vation des temp\u00e9ratures prouve que les nouveaux \u00ab\u00a0\u00e9coquartiers\u00a0\u00bb (Presqu&rsquo;ile, De Bonne, Flaubert&#8230;) n&rsquo;am\u00e9liorent aucunement la situation car les zones vertes jaunes et marrons repr\u00e9sentent une \u00e9l\u00e9vation de +3 \u00e0 +4,5\u00b0 (les ronds sont les capteurs de temp\u00e9ratures) <\/p>\n<p><strong>LES FAUSSES MAUVAISES SOLUTIONS<\/strong><\/p>\n<p style=\"text-align: justify;\">Mais dans le Dauphin\u00e9 (10\/8\/25) Baptiste Kolenc, reprenant le Cerema, estime que \u00ab\u00a0Grenoble (est) bien consciente du probl\u00e8me\u00a0\u00bb (!). Bien entendu on \u00e9voque les fausses mauvaises solutions pour lutter contre le fameux \u00ab\u00a0\u00e9talement urbain\u00a0\u00bb car \u00ab\u00a0il vaut mieux adapter finement la zone dense en y rajoutant de la v\u00e9g\u00e9tation et des espaces verts plut\u00f4t que de b\u00e9tonner plus de campagne aux alentours\u00a0\u00bb.\u00a0<\/p>\n<p style=\"text-align: justify;\"><strong>GRENOBLE CR\u00c9E DES CANYONS URBAINS &#8230;<\/strong><\/p>\n<p style=\"text-align: justify;\">Mais rien sur <a href=\"https:\/\/grenoble-le-changement.fr\/2021\/04\/25\/capuche-st-jacques-nouvel-ilot-de-chaleur-en-formation\/\" target=\"_blank\" rel=\"noopener\">la nouvelle b\u00e9tonisation<\/a>, rien sur ces fameux \u00ab\u00a0\u00e9coquartiers\u00a0\u00bb dense \u00e0 la part nature tr\u00e8s faible, <a href=\"https:\/\/grenoble-le-changement.fr\/2022\/09\/21\/un-membre-du-giec-condamne-la-betonisation-de-grenoble\/\" target=\"_blank\" rel=\"noopener\">critiqu\u00e9s \u00e0 Grenoble y compris par un membre du GIEC.<\/a> Le Cerema rappelle aussi que \u00ab\u00a0les canyons urbains limitent la circulation d\u2019air et favorisent le stockage thermique.\u00a0\u00bb C&rsquo;est ce que la municipalit\u00e9 r\u00e9alise partout o\u00f9 elle peut et notamment cours de la Lib\u00e9ration <a href=\"https:\/\/grenoble-le-changement.fr\/2019\/07\/13\/galtier-le-beton-poreux-comptabilise-espace-vert\/\" target=\"_blank\" rel=\"noopener\">avec les op\u00e9rations Galtier<\/a> et l&rsquo;\u00e9radication de tous les jardins qui demeuraient encore, <a href=\"https:\/\/grenoble-le-changement.fr\/2022\/03\/17\/cours-de-la-liberation-les-derniers-espaces-de-respiration-sacrifies\/\" target=\"_blank\" rel=\"noopener\">afin de r\u00e9aliser des immeubles de grande hauteur, sur tout le cours, de Grenoble au Rondeau.<\/a><\/p>\n<p style=\"text-align: justify;\"><strong>&#8230; R\u00c9DUIT DES PARCS ET JARDINS<\/strong><\/p>\n<p style=\"text-align: justify;\">Dans un quartier hyper densifi\u00e9 comme Jean Mac\u00e9, la municipalit\u00e9 <a href=\"https:\/\/grenoble-le-changement.fr\/2021\/10\/31\/tarze-e-piolle-veut-toujours-urbaniser-un-tiers-du-parc\/\" target=\"_blank\" rel=\"noopener\">r\u00e9duit d&rsquo;un tiers le modeste jardin<\/a> Tarze (5000 M2) pour la construction d&rsquo;un immeuble !\u00a0<\/p>\n<p style=\"text-align: justify;\">Il ne se trouve personne &#8211; \u00e9trangement &#8211; pour faire le lien entre ces choix urbanistiques catastrophiques et le record d&rsquo;ilot de chaleur de la ville.\u00a0<\/p>\n<p><img decoding=\"async\" data-id=\"58463\" src=\"https:\/\/i0.wp.com\/grenoble-le-changement.fr\/wp-content\/uploads\/2023\/02\/Beton-jardin-crs-LIberation-107-.png?w=678&amp;ssl=1\" alt=\"\" class=\"wp-image-58463 jetpack-lazy-image\" data-recalc-dims=\"1\" data-lazy-src=\"https:\/\/www.europesays.com\/fr\/wp-content\/uploads\/2025\/08\/Beton-jardin-crs-LIberation-107-.png\" \/><\/p>\n<p><img decoding=\"async\" data-id=\"83576\" src=\"https:\/\/i0.wp.com\/grenoble-le-changement.fr\/wp-content\/uploads\/2025\/07\/Capture-de\u0301cran-2025-07-27-a\u0300-17.51.37.png?w=678&amp;ssl=1\" alt=\"\" class=\"wp-image-83576 jetpack-lazy-image\" data-recalc-dims=\"1\" data-lazy-src=\"https:\/\/i0.wp.com\/grenoble-le-changement.fr\/wp-content\/uploads\/2025\/07\/Capture-de\u0301cran-2025-07-27-a\u0300-17.51.37.png?w=678&amp;is-pending-load=1#038;ssl=1\" \/><\/p>\n<p><a href=\"https:\/\/i0.wp.com\/grenoble-le-changement.fr\/wp-content\/uploads\/2025\/08\/be\u0301ton-95-105-crs-LIbe\u0301ration-.png?ssl=1\" rel=\"lightbox[83904] noopener\" target=\"_blank\"><img decoding=\"async\" data-id=\"83908\" src=\"https:\/\/i0.wp.com\/grenoble-le-changement.fr\/wp-content\/uploads\/2025\/08\/be\u0301ton-95-105-crs-LIbe\u0301ration-.png?resize=678%2C443&amp;ssl=1\" alt=\"\" class=\"wp-image-83908 jetpack-lazy-image\" data-recalc-dims=\"1\" data-lazy-src=\"https:\/\/i0.wp.com\/grenoble-le-changement.fr\/wp-content\/uploads\/2025\/08\/be\u0301ton-95-105-crs-LIbe\u0301ration-.png?resize=678%2C443&amp;is-pending-load=1#038;ssl=1\" \/><\/a><br \/>\nCours de la Lib\u00e9ration, hier, aujourd&rsquo;hui, demain : la cr\u00e9ation d&rsquo;un cours \u00ab\u00a0canyon\u00a0\u00bb, exactement ce qu&rsquo;il ne faut pas faire si on veut \u00e9viter les ilots de chaleur <\/p>\n<p><strong>PIOLLE : CE N&rsquo;EST PAS DE MA FAUTE <\/strong><\/p>\n<p style=\"text-align: justify;\">Apr\u00e8s des ann\u00e9es de d\u00e9ni, Eric Piolle a fini par reconnaitre l&rsquo;existence de l&rsquo;\u00e9tude du CNRS r\u00e9v\u00e9l\u00e9e par <a href=\"https:\/\/grenoble-le-changement.fr\/2022\/06\/18\/ilots-de-chaleur-piolle-pulverise-la-couche-dozone\/\" target=\"_blank\" rel=\"noopener\">Jean-Benoit Vigny dans le DL (17\/6\/22)<\/a>. Mais, selon lui, <a href=\"https:\/\/grenoble-le-changement.fr\/2025\/03\/27\/grenoble-1ere-pour-les-ilots-de-chaleur-cest-pas-ma-faute-piolle\/\" target=\"_blank\" rel=\"noopener\">cette \u00e9tude publi\u00e9e en 2022 est bas\u00e9e sur des donn\u00e9es ant\u00e9rieures \u00e0 2018.<\/a> Ce n&rsquo;est pas de sa faute. Pourtant \u00e9lu en &#8230; 2014 il n&rsquo;est pas concern\u00e9 !\u00a0 \u00ab\u00a0Non M. Carignon, Grenoble n&rsquo;est pas devenue la premi\u00e8re pour les ilots de chaleur sous notre mandat\u00a0\u00bb a t-il os\u00e9 lancer au Conseil Municipal, alors qu&rsquo;elle a \u00e9t\u00e9 qualifi\u00e9e comme telle en 2022.\u00a0<\/p>\n<p style=\"text-align: justify;\"><strong>LE DERNIER C\u00c8DRE BLEU ABATTU RUE THIERS<\/strong><\/p>\n<p style=\"text-align: justify;\">Cette ridicule d\u00e9n\u00e9gation a pour objet de poursuivre la <a href=\"https:\/\/grenoble-le-changement.fr\/2020\/10\/25\/ilots-de-chaleur-piolle-persiste-et-signe\/\" target=\"_blank\" rel=\"noopener\">politique actuelle d&rsquo;urbanisation de la cuvette<\/a>. Ces derni\u00e8res semaines, le symbolique abattage d&rsquo;un magnifique c\u00e8dre bleu &#8211; le dernier &#8211; dans une cour de la rue Thiers pour construire encore a \u00e9t\u00e9 la goutte d&rsquo;eau <a href=\"https:\/\/grenoble-le-changement.fr\/2025\/03\/15\/arbres-lhecatombe-saccelere-avant-la-fin-du-mandat\/\" target=\"_blank\" rel=\"noopener\">montrant que le plan d&rsquo;urbanisme permettait tout.<\/a><\/p>\n<p style=\"text-align: justify;\"><strong>A. CARIGNON A PROPOS\u00c9 LA SANCTUARISATION DES ESPACES NATURE<\/strong><\/p>\n<p style=\"text-align: justify;\">La municipalit\u00e9 ne pouvait emp\u00eacher ce qu&rsquo;elle avait rendu l\u00e9gal. Pour la premi\u00e8re fois Piolle a m\u00eame \u00e9t\u00e9 contraint de d\u00e9clarer \u00ab\u00a0je ne cautionne pas la coupe de l&rsquo;arbre\u00a0\u00bb. Ce qui lui fait une belle jambe \u00e0 l&rsquo;arbre. Mais pourquoi a t-il refus\u00e9 de sanctuariser les espaces nature dans le plan d&rsquo;urbanisme, comme le lui a demand\u00e9 sans cesse Alain Carignon ?<\/p>\n<p><a href=\"https:\/\/i1.wp.com\/grenoble-le-changement.fr\/wp-content\/uploads\/2025\/08\/Capture-de\u0301cran-2025-08-10-a\u0300-18.38.47.png?ssl=1\" rel=\"lightbox[83904] noopener\" target=\"_blank\"><img decoding=\"async\" data-id=\"83909\" src=\"https:\/\/i1.wp.com\/grenoble-le-changement.fr\/wp-content\/uploads\/2025\/08\/Capture-de\u0301cran-2025-08-10-a\u0300-18.38.47.png?resize=678%2C337&amp;ssl=1\" alt=\"\" class=\"wp-image-83909 jetpack-lazy-image\" data-recalc-dims=\"1\" data-lazy-src=\"https:\/\/i1.wp.com\/grenoble-le-changement.fr\/wp-content\/uploads\/2025\/08\/Capture-de\u0301cran-2025-08-10-a\u0300-18.38.47.png?resize=678%2C337&amp;is-pending-load=1#038;ssl=1\" \/><\/a><\/p>\n<p><strong>GRENOBLE HANDICAP\u00c9E POUR LA NEUTRALIT\u00c9 CARBONE EN 2050<\/strong><\/p>\n<p style=\"text-align: justify;\">Le diagnostic est simple : cette folie ne permettra pas \u00e0 Grenoble <a href=\"https:\/\/grenoble-le-changement.fr\/2023\/08\/22\/canicule-a-grenoble-la-ville-doit-revoir-sa-copie\/\" target=\"_blank\" rel=\"noopener\">d&rsquo;atteindre la neutralit\u00e9 carbone en 2050<\/a> puisque les puits d&rsquo;absorption de carbone sont de plus en plus r\u00e9duits. CNRS, Cerema, GIEC &#8230; les \u00e9tudes scientifiques sur Grenoble se suivent et se ressemblent. Le jugement est sans appel.\u00a0<\/p>\n<p style=\"text-align: justify;\"><strong>L. RUFFIN (Verts\/LFI) VEUT AJOUTER 5000 HLM !\u00a0<\/strong><\/p>\n<p style=\"text-align: justify;\">Arrivant avec ses ..<a href=\"https:\/\/grenoble-le-changement.fr\/2025\/08\/08\/logement-piolle-fait-exploser-la-grande-arnaque-de-laurence-ruffin-verts-lfi\/\" target=\"_blank\" rel=\"noopener\">. 5000 HLM annonc\u00e9s \u00e0 construire<\/a>, Laurence <a href=\"https:\/\/grenoble-le-changement.fr\/2024\/11\/23\/laurence-ruffin-verts-lfi-petits-mensonges-et-gros-sabots\/\" target=\"_blank\" rel=\"noopener\">Ruffin ( Verts\/LFI)<\/a> la candidate d\u00e9sign\u00e9e par Piolle va <a href=\"https:\/\/grenoble-le-changement.fr\/2025\/07\/29\/la-liste-ruffin-verts-lfi-annonce-5000-hlm-supplementaires-a-grenoble\/\" target=\"_blank\" rel=\"noopener\">prendre un parpaing symbolique<\/a> en plein visage. Cette nouvelle annonce pour lutter contre \u00ab\u00a0les ghettos de riches\u00a0\u00bb de Grenoble (!) outre son infaisabilit\u00e9 fonci\u00e8re, vient heurter cette r\u00e9alit\u00e9 d&rsquo;une ville d\u00e9sormais inadapt\u00e9e au r\u00e9chauffement climatique qui s&rsquo;acc\u00e9l\u00e8re.<\/p>\n<p style=\"text-align: justify;\">D\u00e9cid\u00e9ment <a href=\"https:\/\/grenoble-le-changement.fr\/2025\/08\/04\/la-liste-piolle-ruffin-plombee-par-les-declarations-du-maire-sortant\/\" target=\"_blank\" rel=\"noopener\">le terrain est de plus en plus min\u00e9<\/a> par ceux qui avaient mission de le d\u00e9gager.\u00a0<\/p>\n","protected":false},"excerpt":{"rendered":"Posted On 12 ao\u00fbt 2025 Le Cerema (Centre d&rsquo;\u00e9tudes et d&rsquo;expertise sur les risques, l&rsquo;environnement, la mobilit\u00e9 et&hellip;\n","protected":false},"author":2,"featured_media":315115,"comment_status":"","ping_status":"","sticky":false,"template":"","format":"standard","meta":{"footnotes":""},"categories":[9566],"tags":[1111,11,9601,2430,45409,29825,5205,9607,1777,674,1011,27,14687,2731,10307,10136,12,25],"class_list":{"0":"post-315114","1":"post","2":"type-post","3":"status-publish","4":"format-standard","5":"has-post-thumbnail","7":"category-grenoble","8":"tag-actu","9":"tag-actualites","10":"tag-alain-carignon","11":"tag-auvergne-rhone-alpes","12":"tag-baptiste-kolenc","13":"tag-cerema","14":"tag-cnrs","15":"tag-eric-piolle","16":"tag-eu","17":"tag-europe","18":"tag-fr","19":"tag-france","20":"tag-giec","21":"tag-grenoble","22":"tag-jean-benoit-vigny","23":"tag-laurence-ruffin","24":"tag-news","25":"tag-republique-francaise"},"share_on_mastodon":{"url":"https:\/\/pubeurope.com\/@fr\/115018665078487930","error":""},"_links":{"self":[{"href":"https:\/\/www.europesays.com\/fr\/wp-json\/wp\/v2\/posts\/315114","targetHints":{"allow":["GET"]}}],"collection":[{"href":"https:\/\/www.europesays.com\/fr\/wp-json\/wp\/v2\/posts"}],"about":[{"href":"https:\/\/www.europesays.com\/fr\/wp-json\/wp\/v2\/types\/post"}],"author":[{"embeddable":true,"href":"https:\/\/www.europesays.com\/fr\/wp-json\/wp\/v2\/users\/2"}],"replies":[{"embeddable":true,"href":"https:\/\/www.europesays.com\/fr\/wp-json\/wp\/v2\/comments?post=315114"}],"version-history":[{"count":0,"href":"https:\/\/www.europesays.com\/fr\/wp-json\/wp\/v2\/posts\/315114\/revisions"}],"wp:featuredmedia":[{"embeddable":true,"href":"https:\/\/www.europesays.com\/fr\/wp-json\/wp\/v2\/media\/315115"}],"wp:attachment":[{"href":"https:\/\/www.europesays.com\/fr\/wp-json\/wp\/v2\/media?parent=315114"}],"wp:term":[{"taxonomy":"category","embeddable":true,"href":"https:\/\/www.europesays.com\/fr\/wp-json\/wp\/v2\/categories?post=315114"},{"taxonomy":"post_tag","embeddable":true,"href":"https:\/\/www.europesays.com\/fr\/wp-json\/wp\/v2\/tags?post=315114"}],"curies":[{"name":"wp","href":"https:\/\/api.w.org\/{rel}","templated":true}]}}