{"id":315117,"date":"2025-08-13T00:39:10","date_gmt":"2025-08-13T00:39:10","guid":{"rendered":"https:\/\/www.europesays.com\/fr\/315117\/"},"modified":"2025-08-13T00:39:10","modified_gmt":"2025-08-13T00:39:10","slug":"gros-retournement-de-situation-pour-mahdi-camara-qui-devrait-finalement-signer-a-rennes","status":"publish","type":"post","link":"https:\/\/www.europesays.com\/fr\/315117\/","title":{"rendered":"gros retournement de situation pour Mahdi Camara qui devrait finalement signer \u00e0 Rennes"},"content":{"rendered":"<p>Tout proche de s\u2019engager avec Nice lors du mercato estival, le Brestois Mahdi Camara est tout proche de signer avec le Stade Rennais. Le milieu de 27 ans a \u00e9t\u00e9 s\u00e9duit par le projet sportif de Rennes et par le discours du coach Habib Beye.<\/p>\n<p>Autoris\u00e9 \u00e0 quitter le Stade Brestois lors du mercato estival, <a href=\"https:\/\/rmcsport.bfmtv.com\/football\/transferts\/mercato-nice-d-accord-avec-mahdi-camara-les-negociations-continuent-avec-brest_AV-202508120318.html\" title=\"Mercato: Nice d&#039;accord avec Mahdi Camara, les n\u00e9gociations continuent avec Brest\" class=\"internal_link\" rel=\"nofollow noopener\" target=\"_blank\">Mahdi Camara<\/a> semblait tout proche de rejoindre l\u2019OGC Nice et les discussions entre les diff\u00e9rentes parties \u00e9taient tr\u00e8s avanc\u00e9es. Mais selon les informations de RMC Sport, celui qui \u00e9tait la priorit\u00e9 de <a href=\"https:\/\/rmcsport.bfmtv.com\/football\/ligue-des-champions\/benfica-nice-pas-les-armes-pour-jouer-la-ligue-des-champions-le-constat-sans-appel-de-franck-haise_AV-202508120539.html\" title=\"Benfica-Nice: &quot;Pas les armes pour jouer la Ligue des champions&quot;, le constat sans appel de Franck Haise\" class=\"internal_link\" rel=\"nofollow noopener\" target=\"_blank\">Franck Haise<\/a> ne va pas rejoindre les Aiglons. A la place, Mahdi Camara devrait rapidement signer au Stade Rennais.<\/p>\n<p>Valeur s\u00fbre de Brest et de la Ligue 1 ces derni\u00e8res saisons, le milieu form\u00e9 \u00e0 Saint-Etienne a fait un choix purement sportif. Si Nice se trouvait en pole position, Rennes a r\u00e9ussi \u00e0 le convaincre de changer d\u2019avis et conclu un accord de 4 ans avec le milieu.<\/p>\n<p><a href=\"https:\/\/rmcsport.bfmtv.com\/football\/transferts\/direct-mercato-suivez-toutes-les-infos-transferts-du-11-aout-2025_LN-202508110030.html\" title=\"DIRECT. Mercato: l&#039;OL officialise un nouveau pari pour l&#039;avenir venu de l&#039;Est\" class=\"internal_link\" rel=\"nofollow noopener\" target=\"_blank\">&gt;&gt; Toutes les infos et rumeurs du mercato<\/a><\/p>\n<p>Le discours de Beye a fait la diff\u00e9rence<\/p>\n<p>Toujours selon les informations de RMC Sport, le projet sportif ambitieux \u00e0 Rennes a pes\u00e9. De m\u00eame, le discours de l\u2019entra\u00eeneur <a href=\"https:\/\/rmcsport.bfmtv.com\/replay-emissions\/after-foot\/quelles-ambitions-pour-la-premiere-saison-pleine-de-beye-a-rennes-walid-en-attend-beaucoup-11-08_EN-202508110535.html\" title=\"Quelles ambitions pour la premi\u00e8re saison pleine de Beye \u00e0 Rennes ? Walid en attend beaucoup \u2013 11\/08\" class=\"internal_link\" rel=\"nofollow noopener\" target=\"_blank\">Habib Beye<\/a> a fait basculer Mahdi Camara vers les pensionnaires du Raozhon Park. Le technicien s\u2019est montr\u00e9 tr\u00e8s convaincant lors de ses \u00e9changes avec le milieu de 27 ans. Les conditions des Rennais sont aussi particuli\u00e8rement int\u00e9ressantes.<\/p>\n<p>Arriv\u00e9 \u00e0 Brest en 2022, Mahdi Camara est tout proche de prolonger l\u2019aventure en Bretagne mais du c\u00f4t\u00e9 de <a href=\"https:\/\/rmcsport.bfmtv.com\/football\/ligue-1\/rennes-om-les-supporters-marseillais-autorises-a-se-deplacer-en-nombre-pour-la-reprise-de-la-ligue-1_AV-202508090148.html\" title=\"Rennes-OM: les supporters marseillais autoris\u00e9s \u00e0 se d\u00e9placer en nombre pour la reprise de la Ligue 1\" class=\"internal_link\" rel=\"nofollow noopener\" target=\"_blank\">Rennes<\/a>. Un contrat de quatre ans l\u2019attend au Stade Rennais alors que les deux clubs sont en n\u00e9gociations avanc\u00e9es sur une indemnit\u00e9 de transfert avoisinant les huit millions d\u2019euros.<\/p>\n<p>Tout est r\u00e9uni pour le d\u00e9part de Mahdi Camara vers Rennes afin de le rendre disponible pour le choc de la premi\u00e8re journ\u00e9e de Ligue 1, vendredi prochain, contre l\u2019OM.<\/p>\n<p>Fabrice Hawkins (avec MT et JGL)<\/p>\n","protected":false},"excerpt":{"rendered":"Tout proche de s\u2019engager avec Nice lors du mercato estival, le Brestois Mahdi Camara est tout proche de&hellip;\n","protected":false},"author":2,"featured_media":315118,"comment_status":"","ping_status":"","sticky":false,"template":"","format":"standard","meta":{"footnotes":""},"categories":[2821],"tags":[1111,11,829,1777,674,1011,27,12,584,25],"class_list":{"0":"post-315117","1":"post","2":"type-post","3":"status-publish","4":"format-standard","5":"has-post-thumbnail","7":"category-rennes","8":"tag-actu","9":"tag-actualites","10":"tag-bretagne","11":"tag-eu","12":"tag-europe","13":"tag-fr","14":"tag-france","15":"tag-news","16":"tag-rennes","17":"tag-republique-francaise"},"share_on_mastodon":{"url":"https:\/\/pubeurope.com\/@fr\/115018672601259697","error":""},"_links":{"self":[{"href":"https:\/\/www.europesays.com\/fr\/wp-json\/wp\/v2\/posts\/315117","targetHints":{"allow":["GET"]}}],"collection":[{"href":"https:\/\/www.europesays.com\/fr\/wp-json\/wp\/v2\/posts"}],"about":[{"href":"https:\/\/www.europesays.com\/fr\/wp-json\/wp\/v2\/types\/post"}],"author":[{"embeddable":true,"href":"https:\/\/www.europesays.com\/fr\/wp-json\/wp\/v2\/users\/2"}],"replies":[{"embeddable":true,"href":"https:\/\/www.europesays.com\/fr\/wp-json\/wp\/v2\/comments?post=315117"}],"version-history":[{"count":0,"href":"https:\/\/www.europesays.com\/fr\/wp-json\/wp\/v2\/posts\/315117\/revisions"}],"wp:featuredmedia":[{"embeddable":true,"href":"https:\/\/www.europesays.com\/fr\/wp-json\/wp\/v2\/media\/315118"}],"wp:attachment":[{"href":"https:\/\/www.europesays.com\/fr\/wp-json\/wp\/v2\/media?parent=315117"}],"wp:term":[{"taxonomy":"category","embeddable":true,"href":"https:\/\/www.europesays.com\/fr\/wp-json\/wp\/v2\/categories?post=315117"},{"taxonomy":"post_tag","embeddable":true,"href":"https:\/\/www.europesays.com\/fr\/wp-json\/wp\/v2\/tags?post=315117"}],"curies":[{"name":"wp","href":"https:\/\/api.w.org\/{rel}","templated":true}]}}