{"id":315121,"date":"2025-08-13T00:43:17","date_gmt":"2025-08-13T00:43:17","guid":{"rendered":"https:\/\/www.europesays.com\/fr\/315121\/"},"modified":"2025-08-13T00:43:17","modified_gmt":"2025-08-13T00:43:17","slug":"une-grande-exposition-immersive-locean-de-lea-poeme-sous-marin-en-origami","status":"publish","type":"post","link":"https:\/\/www.europesays.com\/fr\/315121\/","title":{"rendered":"Une grande exposition immersive: \u00ab\u00a0L\u2019oc\u00e9an de L\u00e9a\u00a0\u00bb, po\u00e8me sous-marin en origami"},"content":{"rendered":"<p>Au bord de la M\u00e9diterran\u00e9e, au pied de la colline du Ch\u00e2teau, en prime, on pourrait se laisser gagner par des \u00e9lans po\u00e9tiques. Cependant, pour trouver un charme particulier \u00e0 Oc\u00e9aNice, le nouveau centre de congr\u00e8s ayant accueilli les d\u00e9l\u00e9gations internationales du sommet de l\u2019Unoc, en juin dernier, il aurait peut-\u00eatre fallu siroter quelques verres d\u2019absinthe, comme Baudelaire, Rimbaud ou Zola en leur temps.<\/p>\n<p>Comme on s\u2019est promis de ne pas nous laisser d\u00e9boussoler pendant le \u00ab\u00a0service\u00a0\u00bb, l\u2019affaire \u00e9tait entendue: nous allions devoir faire travailler notre imagination en arrivant sur le port de Nice.<\/p>\n<p>Un an et demi de travail<\/p>\n<p>Et les cr\u00e9ations de Junior Fritz Jacquet ont fait le reste, nous incitant \u00e0 oublier le c\u00f4t\u00e9 froid de cette grande halle pouvant accueillir jusqu\u2019\u00e0 2.500 personnes assises pour des congr\u00e8s, des s\u00e9minaires ou des spectacles.<\/p>\n<p>Jusqu\u2019au 14 septembre, L\u2019oc\u00e9an de L\u00e9a nous embarque dans un autre monde. Maitre de l\u2019origami, officiellement certifi\u00e9 en 2004, par la Nippon Origami Association, Junior Fritz Jacquet a effectivement pris possession des lieux pour y installer ses impressionnantes sculptures de papier, sur 2.000m\u00e8tres carr\u00e9s. Imagin\u00e9e l\u2019hiver dernier dans la patinoire d\u00e9saffect\u00e9e de Saint-Ouen, l\u2019exposition immersive du Francilien pouvait se r\u00e9sumer en chiffres offrant une id\u00e9e de son ampleur: 10 tonnes de papier sculpt\u00e9, 150 kilom\u00e8tres de c\u00e2ble \u00e9lectriques et 1.500 dalles Led, 18 assistants, un an et demi de travail&#8230;<\/p>\n<p>Message subtil<\/p>\n<p>La r\u00e9sumer \u00e0 ces donn\u00e9es, ce serait passer \u00e0 c\u00f4t\u00e9 du charme de ce parcours onirique peupl\u00e9 de raies Manta, de posidonies, de m\u00e9duses et de grottes sous-marines. R\u00e9alis\u00e9es \u00e0 l\u2019aide de papier sulfuris\u00e9 \u00ab\u00a0r\u00e9cup\u00e9r\u00e9 dans une usine qui fermait, vou\u00e9 \u00e0 la destruction\u00a0\u00bb, les formes d\u00e9licates de Junior Fritz Jacquet v\u00e9hiculent un message environnemental. Sugg\u00e9r\u00e9, jamais soulign\u00e9. \u00ab\u00a0J\u2019essaie de sensibiliser sans mots, sans donner une le\u00e7on de morale\u00a0\u00bb, a assur\u00e9 l\u2019artiste \u00e0 nos confr\u00e8res de Monaco Tribune.<\/p>\n<p>Les visiteurs ont tout loisir de parcourir son \u0153uvre \u00e0 leur rythme, dans le sens qu\u2019ils pr\u00e9f\u00e8rent, en s\u2019asseyant, en r\u00eavant. Et en admirant la technique de Fritz Jacquet, qui sort des sentiers anguleux de l\u2019origami en modelant, froissant et d\u00e9froissant son fragile mat\u00e9riau avec une certaine gr\u00e2ce.<\/p>\n<p>Tous les jours \u00e0 Oc\u00e9aNice, 1430, Quai Amiral Infernet. De 10h \u00e0 18h (20h le samedi). 5 euros, gratuit pour les moins de 5 ans. Rens. <a href=\"https:\/\/anneedelamer.nice.fr\/agenda\/locean-de-lea\" target=\"_blank\" rel=\"noopener\">anneedelamer.nice.fr\/agenda\/locean-de-lea<\/a><\/p>\n<p>              <img ci-src=\"https:\/\/www.nicematin.com\/expos\/protec\/DATA_ART_16058979-kV9Owchn.jpg?vh=3108d8&amp;ci_seal=5a147e6dcf\" alt=\"\"\/><\/p>\n<p>                                \u00c9tonnante trajectoire<\/p>\n<p>L\u2019\u00e9cole, ce n\u2019\u00e9tait pas vraiment son truc. Dyslexique, Junior Fritz Jacquet, qui a pass\u00e9 ses premi\u00e8res ann\u00e9es \u00e0 Ha\u00efti avec sa grand-m\u00e8re, avant de rejoindre ses parents stylistes \u00e0 Saint-Ouen, a longtemps cherch\u00e9 sa place. Et puis un jour, un saut \u00e0 la m\u00e9diath\u00e8que de sa ville a tout chang\u00e9. Un m\u00e9diateur fait une d\u00e9monstration d\u2019origami. Junior accroche, et il est dou\u00e9 pour le pliage. \u00ab\u00a0Je comprends alors que j\u2019ai la capacit\u00e9 \u00e0 voir les choses en volume, gr\u00e2ce \u00e0 la dyslexie\u00a0\u00bb, expliquait-il en 2016 dans une vid\u00e9o.<\/p>\n<p>Plus pos\u00e9 par la suite, il parvient \u00e0 devenir \u00e9ducateur sp\u00e9cialis\u00e9 chez les Apprentis d\u2019Auteuil, une fondation dont il fut lui-m\u00eame pensionnaire. En parall\u00e8le, il d\u00e9veloppe sa pratique de l\u2019origami, r\u00e9alise ses propres cr\u00e9ations. Apr\u00e8s diff\u00e9rentes expositions en France et \u00e0 l\u2019\u00e9tranger, puis la d\u00e9coration du bureau de la maire de Paris, Anne Hidalgo, Junior Fritz Jacquet franchit un cap en 2023 avec No\u00ebl au jardin d\u2019Eden, vue par 25.000 personnes \u00e0 l\u2019Espace Saint-Pierre-des-Minimes, \u00e0 Compi\u00e8gne.<\/p>\n<p>L\u2019an pass\u00e9, dans la m\u00eame ville, L\u00e9a, une pi\u00e8ce r\u00e9alis\u00e9e \u00e0 l\u2019aide de 40m\u00e8tres carr\u00e9s de papier, est partie \u00e0 50.000 euros aux ench\u00e8res.<\/p>\n","protected":false},"excerpt":{"rendered":"Au bord de la M\u00e9diterran\u00e9e, au pied de la colline du Ch\u00e2teau, en prime, on pourrait se laisser&hellip;\n","protected":false},"author":2,"featured_media":315122,"comment_status":"","ping_status":"","sticky":false,"template":"","format":"standard","meta":{"footnotes":""},"categories":[2819],"tags":[1111,11,251,1777,674,8202,1011,27,12,2401,882,25],"class_list":{"0":"post-315121","1":"post","2":"type-post","3":"status-publish","4":"format-standard","5":"has-post-thumbnail","7":"category-nice","8":"tag-actu","9":"tag-actualites","10":"tag-culture","11":"tag-eu","12":"tag-europe","13":"tag-expos","14":"tag-fr","15":"tag-france","16":"tag-news","17":"tag-nice","18":"tag-provence-alpes-cote-dazur","19":"tag-republique-francaise"},"share_on_mastodon":{"url":"https:\/\/pubeurope.com\/@fr\/115018688353235895","error":""},"_links":{"self":[{"href":"https:\/\/www.europesays.com\/fr\/wp-json\/wp\/v2\/posts\/315121","targetHints":{"allow":["GET"]}}],"collection":[{"href":"https:\/\/www.europesays.com\/fr\/wp-json\/wp\/v2\/posts"}],"about":[{"href":"https:\/\/www.europesays.com\/fr\/wp-json\/wp\/v2\/types\/post"}],"author":[{"embeddable":true,"href":"https:\/\/www.europesays.com\/fr\/wp-json\/wp\/v2\/users\/2"}],"replies":[{"embeddable":true,"href":"https:\/\/www.europesays.com\/fr\/wp-json\/wp\/v2\/comments?post=315121"}],"version-history":[{"count":0,"href":"https:\/\/www.europesays.com\/fr\/wp-json\/wp\/v2\/posts\/315121\/revisions"}],"wp:featuredmedia":[{"embeddable":true,"href":"https:\/\/www.europesays.com\/fr\/wp-json\/wp\/v2\/media\/315122"}],"wp:attachment":[{"href":"https:\/\/www.europesays.com\/fr\/wp-json\/wp\/v2\/media?parent=315121"}],"wp:term":[{"taxonomy":"category","embeddable":true,"href":"https:\/\/www.europesays.com\/fr\/wp-json\/wp\/v2\/categories?post=315121"},{"taxonomy":"post_tag","embeddable":true,"href":"https:\/\/www.europesays.com\/fr\/wp-json\/wp\/v2\/tags?post=315121"}],"curies":[{"name":"wp","href":"https:\/\/api.w.org\/{rel}","templated":true}]}}