{"id":315132,"date":"2025-08-13T00:50:19","date_gmt":"2025-08-13T00:50:19","guid":{"rendered":"https:\/\/www.europesays.com\/fr\/315132\/"},"modified":"2025-08-13T00:50:19","modified_gmt":"2025-08-13T00:50:19","slug":"lens-rennes-toulouse-plusieurs-clubs-de-ligue-1-a-la-bagarre-pour-willem-geubbels","status":"publish","type":"post","link":"https:\/\/www.europesays.com\/fr\/315132\/","title":{"rendered":"Lens, Rennes, Toulouse&#8230; Plusieurs clubs de Ligue 1 \u00e0 la bagarre pour Willem Geubbels"},"content":{"rendered":"<p>Ancien international espoirs tricolore, Willem Geubbels pourrait signer en Ligue 1 lors de ce mercato estival.<\/p>\n<p class=\"fig-paragraph\">Retour \u00e0 la case Ligue 1 pour Willem Geubbels\u00a0? Form\u00e9 \u00e0 l\u2019OL, o\u00f9 il a fait ses d\u00e9buts en 2017-2018, l\u2019attaquant de 23 ans avait ensuite \u00e9volu\u00e9 \u00e0 Nantes avant de rejoindre la Suisse et Saint-Gall, en 2023, avec un bilan de 94 rencontres et 30 buts inscrits. Assez pour attirer l\u2019attention de plusieurs clubs de Ligue 1.<\/p>\n<p class=\"fig-paragraph\">En effet, selon les informations de\u00a0<a href=\"https:\/\/www.footmercato.net\/a7347168487592217014-ca-sagite-en-ligue-1-pour-willem-geubbels\" target=\"_blank\" rel=\"sponsored noopener nofollow\" data-gtm-custom-categorie=\"navigation\" data-gtm-custom-action=\"crossclick\" data-gtm-custom-label=\"Contextuel\" data-gtm-event=\"customEventSPE\">Foot Mercato<\/a>, Lens, Toulouse et Rennes sont int\u00e9ress\u00e9s. Les Sang et Or auraient m\u00eame d\u00e9j\u00e0 propos\u00e9 une premi\u00e8re offre de 8,5 M\u20ac. D\u2019autres \u00e9curies europ\u00e9ennes sont aussi sur le dossier.<\/p>\n","protected":false},"excerpt":{"rendered":"Ancien international espoirs tricolore, Willem Geubbels pourrait signer en Ligue 1 lors de ce mercato estival. Retour \u00e0&hellip;\n","protected":false},"author":2,"featured_media":315133,"comment_status":"","ping_status":"","sticky":false,"template":"","format":"standard","meta":{"footnotes":""},"categories":[2816],"tags":[1111,11,1777,674,462,1011,27,12,2680,2264,25,3087,4450,2312],"class_list":{"0":"post-315132","1":"post","2":"type-post","3":"status-publish","4":"format-standard","5":"has-post-thumbnail","7":"category-toulouse","8":"tag-actu","9":"tag-actualites","10":"tag-eu","11":"tag-europe","12":"tag-fc-nantes","13":"tag-fr","14":"tag-france","15":"tag-news","16":"tag-occitanie","17":"tag-rc-lens","18":"tag-republique-francaise","19":"tag-stade-rennais","20":"tag-tfc","21":"tag-toulouse"},"share_on_mastodon":{"url":"https:\/\/pubeurope.com\/@fr\/115018715833598161","error":""},"_links":{"self":[{"href":"https:\/\/www.europesays.com\/fr\/wp-json\/wp\/v2\/posts\/315132","targetHints":{"allow":["GET"]}}],"collection":[{"href":"https:\/\/www.europesays.com\/fr\/wp-json\/wp\/v2\/posts"}],"about":[{"href":"https:\/\/www.europesays.com\/fr\/wp-json\/wp\/v2\/types\/post"}],"author":[{"embeddable":true,"href":"https:\/\/www.europesays.com\/fr\/wp-json\/wp\/v2\/users\/2"}],"replies":[{"embeddable":true,"href":"https:\/\/www.europesays.com\/fr\/wp-json\/wp\/v2\/comments?post=315132"}],"version-history":[{"count":0,"href":"https:\/\/www.europesays.com\/fr\/wp-json\/wp\/v2\/posts\/315132\/revisions"}],"wp:featuredmedia":[{"embeddable":true,"href":"https:\/\/www.europesays.com\/fr\/wp-json\/wp\/v2\/media\/315133"}],"wp:attachment":[{"href":"https:\/\/www.europesays.com\/fr\/wp-json\/wp\/v2\/media?parent=315132"}],"wp:term":[{"taxonomy":"category","embeddable":true,"href":"https:\/\/www.europesays.com\/fr\/wp-json\/wp\/v2\/categories?post=315132"},{"taxonomy":"post_tag","embeddable":true,"href":"https:\/\/www.europesays.com\/fr\/wp-json\/wp\/v2\/tags?post=315132"}],"curies":[{"name":"wp","href":"https:\/\/api.w.org\/{rel}","templated":true}]}}