{"id":315138,"date":"2025-08-13T00:54:10","date_gmt":"2025-08-13T00:54:10","guid":{"rendered":"https:\/\/www.europesays.com\/fr\/315138\/"},"modified":"2025-08-13T00:54:10","modified_gmt":"2025-08-13T00:54:10","slug":"renfort-massif-de-policiers-dans-le-centre-pour-lutter-contre-les-trafics","status":"publish","type":"post","link":"https:\/\/www.europesays.com\/fr\/315138\/","title":{"rendered":"renfort massif de policiers dans le centre pour lutter contre les trafics"},"content":{"rendered":"\n<p>Le ton est r\u00e9solument volontariste. Le 17\u00a0juillet, le pr\u00e9fet des Bouches-du-Rh\u00f4ne, Georges-Fran\u00e7ois Leclerc, et la pr\u00e9f\u00e8te de police d\u00e9l\u00e9gu\u00e9e, Corinne Simon, annoncent \u00ab\u00a0une strat\u00e9gie renforc\u00e9e de lutte contre la d\u00e9linquance et les trafics dans le centre-ville de Marseille\u00a0\u00bb.<\/p>\n<p>Parmi les mesures fortes, la pr\u00e9sence quotidienne dans le centre-ville d\u2019une compagnie de CRS. Objectif\u00a0: \u00ab\u00a0Pilonner les points de deal et saturer l\u2019espace \u00e0 des fins dissuasives.\u00a0\u00bb Autrement dit, pr\u00e9cisent les deux hauts fonctionnaires dans leur communiqu\u00e9 commun, \u00ab\u00a0cette mobilisation d\u2019une soixantaine de policiers suppl\u00e9mentaires &#8211;\u00a0chaque jour, aux horaires auxquels la d\u00e9linquance, les nuisances et les trafics sont les plus marqu\u00e9s &#8211; permettra d\u2019ass\u00e9cher le trafic, de siphonner l\u2019argent des r\u00e9seaux et d\u2019interpeller leur main-d\u2019\u0153uvre\u00a0\u00bb.<\/p>\n<p>Pour les associations, si les effets de cette pr\u00e9sence polici\u00e8re renforc\u00e9e se font sentir, elles constatent \u00e9galement un d\u00e9placement du trafic et des usagers de drogue dans des rues plus \u00e9loign\u00e9es (lire notre reportage). Signe que la r\u00e9ponse de fond au fl\u00e9au de la drogue ne peut se limiter \u00e0 la seule mobilisation de la police sur le terrain.<\/p>\n<p> R\u00e9organisation de la pr\u00e9fecture de police\n              <\/p>\n<p>D\u2019ailleurs, le sujet tr\u00e8s sensible et instrumentalis\u00e9 par la droite marseillaise de la halte soins addictions (HSA) revient au premier plan, ce dont se r\u00e9jouit la premi\u00e8re adjointe \u00e0 la mairie, Mich\u00e8le Rubirola (lire ci-dessous). Car les collectifs et associations y sont d\u00e9sormais favorables. Ils constatent, en effet, la d\u00e9tresse des usagers et les cons\u00e9quences d\u00e9l\u00e9t\u00e8res de leur errance au c\u0153ur de la ville.<\/p>\n<p>Les services de l\u2019\u00c9tat saluent aussi le r\u00f4le de ces citoyens engag\u00e9s et exigeants. Ainsi, dans leur communiqu\u00e9, le pr\u00e9fet et la pr\u00e9f\u00e8te de police d\u00e9l\u00e9gu\u00e9e saluent \u00ab\u00a0le travail remarquable des collectifs d\u2019habitants et des associations, en lien avec les \u00e9lus, r\u00e9guli\u00e8rement re\u00e7us par les services de l\u2019\u00c9tat\u00a0\u00bb. Ils soulignent l\u2019importance de la r\u00e9organisation en cours de la pr\u00e9fecture de police dans le d\u00e9partement des Bouches-du-Rh\u00f4ne. Le but est notamment de traiter \u00ab\u00a0en concertation et globalement les probl\u00e9matiques de d\u00e9linquance mais aussi du cadre de vie, d\u2019usages de l\u2019espace public, de pr\u00e9vention ou de sant\u00e9 publique\u00a0\u00bb. Car la drogue est un fl\u00e9au qui n\u00e9cessite plusieurs r\u00e9ponses.<\/p>\n","protected":false},"excerpt":{"rendered":"Le ton est r\u00e9solument volontariste. Le 17\u00a0juillet, le pr\u00e9fet des Bouches-du-Rh\u00f4ne, Georges-Fran\u00e7ois Leclerc, et la pr\u00e9f\u00e8te de police&hellip;\n","protected":false},"author":2,"featured_media":315139,"comment_status":"","ping_status":"","sticky":false,"template":"","format":"standard","meta":{"footnotes":""},"categories":[2814],"tags":[1111,11,1777,674,1011,27,45038,884,12,882,25],"class_list":{"0":"post-315138","1":"post","2":"type-post","3":"status-publish","4":"format-standard","5":"has-post-thumbnail","7":"category-marseille","8":"tag-actu","9":"tag-actualites","10":"tag-eu","11":"tag-europe","12":"tag-fr","13":"tag-france","14":"tag-l-m","15":"tag-marseille","16":"tag-news","17":"tag-provence-alpes-cote-dazur","18":"tag-republique-francaise"},"share_on_mastodon":{"url":"https:\/\/pubeurope.com\/@fr\/115018731603799785","error":""},"_links":{"self":[{"href":"https:\/\/www.europesays.com\/fr\/wp-json\/wp\/v2\/posts\/315138","targetHints":{"allow":["GET"]}}],"collection":[{"href":"https:\/\/www.europesays.com\/fr\/wp-json\/wp\/v2\/posts"}],"about":[{"href":"https:\/\/www.europesays.com\/fr\/wp-json\/wp\/v2\/types\/post"}],"author":[{"embeddable":true,"href":"https:\/\/www.europesays.com\/fr\/wp-json\/wp\/v2\/users\/2"}],"replies":[{"embeddable":true,"href":"https:\/\/www.europesays.com\/fr\/wp-json\/wp\/v2\/comments?post=315138"}],"version-history":[{"count":0,"href":"https:\/\/www.europesays.com\/fr\/wp-json\/wp\/v2\/posts\/315138\/revisions"}],"wp:featuredmedia":[{"embeddable":true,"href":"https:\/\/www.europesays.com\/fr\/wp-json\/wp\/v2\/media\/315139"}],"wp:attachment":[{"href":"https:\/\/www.europesays.com\/fr\/wp-json\/wp\/v2\/media?parent=315138"}],"wp:term":[{"taxonomy":"category","embeddable":true,"href":"https:\/\/www.europesays.com\/fr\/wp-json\/wp\/v2\/categories?post=315138"},{"taxonomy":"post_tag","embeddable":true,"href":"https:\/\/www.europesays.com\/fr\/wp-json\/wp\/v2\/tags?post=315138"}],"curies":[{"name":"wp","href":"https:\/\/api.w.org\/{rel}","templated":true}]}}