{"id":315140,"date":"2025-08-13T00:55:15","date_gmt":"2025-08-13T00:55:15","guid":{"rendered":"https:\/\/www.europesays.com\/fr\/315140\/"},"modified":"2025-08-13T00:55:15","modified_gmt":"2025-08-13T00:55:15","slug":"un-site-se-fait-passer-pour-une-boutique-lyonnaise-de-pret-a-porter-et-cree-la-pagaille","status":"publish","type":"post","link":"https:\/\/www.europesays.com\/fr\/315140\/","title":{"rendered":"un site se fait passer pour une boutique lyonnaise de pr\u00eat-\u00e0-porter et cr\u00e9e la pagaille"},"content":{"rendered":"<p itemprop=\"description\"><strong>Attention au site \u00ab\u00a0Charlotte Lyon\u00a0\u00bb.<\/strong><\/p>\n<p>Vendredi dernier, le site de pr\u00eat-\u00e0-porter et d\u2019accessoires \u00ab\u00a0Charlotte Lyon\u00a0\u00bb a \u00e9t\u00e9 ferm\u00e9 par la Direction g\u00e9n\u00e9rale de la Concurrence, de la Consommation et de la R\u00e9pression des fraudes (DGCCRF) pour pratiques commerciales trompeuses.<\/p>\n<p>Cela faisait plusieurs mois que ce site, qui se fait passer pour une enseigne lyonnaise qui va fermer et qui propose des r\u00e9ductions, utilise le dropshipping pour arnaquer les consommateurs.<\/p>\n<p>Or, il n&rsquo;y a aucune boutique Charlotte Lyon dans la capitale des Gaules.<\/p>\n<p>L\u2019alerte avait \u00e9t\u00e9 donn\u00e9e par le journaliste Olivier Dauvers, qui avait d\u00e9cel\u00e9 le Dark Pattern, une technique manipulant l\u2019utilisateur avec des stocks limit\u00e9s ou encore de grandes r\u00e9ductions.<\/p>\n<p>Probl\u00e8me, le site a refait surface ce lundi 11 ao\u00fbt. Cette fois, les arnaqueurs ont utilis\u00e9 une adresse web se terminant par \u00ab\u00a0.com\u00a0\u00bb au lieu de \u00ab\u00a0.fr\u00a0\u00bb. Sur la page d\u2019accueil, on retrouve les m\u00eames photos g\u00e9n\u00e9r\u00e9es par l\u2019intelligence artificielle et les m\u00eames r\u00e9ductions. Il ne faut donc pas s&rsquo;y rendre, et encore moins y renseigner ses coordonn\u00e9es bancaires.<\/p>\n","protected":false},"excerpt":{"rendered":"Attention au site \u00ab\u00a0Charlotte Lyon\u00a0\u00bb. Vendredi dernier, le site de pr\u00eat-\u00e0-porter et d\u2019accessoires \u00ab\u00a0Charlotte Lyon\u00a0\u00bb a \u00e9t\u00e9 ferm\u00e9&hellip;\n","protected":false},"author":2,"featured_media":315141,"comment_status":"","ping_status":"","sticky":false,"template":"","format":"standard","meta":{"footnotes":""},"categories":[1889],"tags":[1111,11,2813,2190,2430,1109,251,1112,2811,1777,674,118,1011,27,1922,1110,1114,2428,2810,12,241,316,25,2812,517,800],"class_list":{"0":"post-315140","1":"post","2":"type-post","3":"status-publish","4":"format-standard","5":"has-post-thumbnail","7":"category-lyon","8":"tag-actu","9":"tag-actualites","10":"tag-article","11":"tag-asvel","12":"tag-auvergne-rhone-alpes","13":"tag-breves","14":"tag-culture","15":"tag-depeches","16":"tag-economique","17":"tag-eu","18":"tag-europe","19":"tag-faits-divers","20":"tag-fr","21":"tag-france","22":"tag-info","23":"tag-informations","24":"tag-infos","25":"tag-lyon","26":"tag-lyonmag","27":"tag-news","28":"tag-ol","29":"tag-politique","30":"tag-republique-francaise","31":"tag-sociale","32":"tag-sport","33":"tag-transports"},"share_on_mastodon":{"url":"https:\/\/pubeurope.com\/@fr\/115018735531652084","error":""},"_links":{"self":[{"href":"https:\/\/www.europesays.com\/fr\/wp-json\/wp\/v2\/posts\/315140","targetHints":{"allow":["GET"]}}],"collection":[{"href":"https:\/\/www.europesays.com\/fr\/wp-json\/wp\/v2\/posts"}],"about":[{"href":"https:\/\/www.europesays.com\/fr\/wp-json\/wp\/v2\/types\/post"}],"author":[{"embeddable":true,"href":"https:\/\/www.europesays.com\/fr\/wp-json\/wp\/v2\/users\/2"}],"replies":[{"embeddable":true,"href":"https:\/\/www.europesays.com\/fr\/wp-json\/wp\/v2\/comments?post=315140"}],"version-history":[{"count":0,"href":"https:\/\/www.europesays.com\/fr\/wp-json\/wp\/v2\/posts\/315140\/revisions"}],"wp:featuredmedia":[{"embeddable":true,"href":"https:\/\/www.europesays.com\/fr\/wp-json\/wp\/v2\/media\/315141"}],"wp:attachment":[{"href":"https:\/\/www.europesays.com\/fr\/wp-json\/wp\/v2\/media?parent=315140"}],"wp:term":[{"taxonomy":"category","embeddable":true,"href":"https:\/\/www.europesays.com\/fr\/wp-json\/wp\/v2\/categories?post=315140"},{"taxonomy":"post_tag","embeddable":true,"href":"https:\/\/www.europesays.com\/fr\/wp-json\/wp\/v2\/tags?post=315140"}],"curies":[{"name":"wp","href":"https:\/\/api.w.org\/{rel}","templated":true}]}}