{"id":315146,"date":"2025-08-13T00:59:11","date_gmt":"2025-08-13T00:59:11","guid":{"rendered":"https:\/\/www.europesays.com\/fr\/315146\/"},"modified":"2025-08-13T00:59:11","modified_gmt":"2025-08-13T00:59:11","slug":"la-fromagerie-chavegrand-avait-deja-effectue-des-rappels-de-sa-production-en-juin","status":"publish","type":"post","link":"https:\/\/www.europesays.com\/fr\/315146\/","title":{"rendered":"la fromagerie Chavegrand avait d\u00e9j\u00e0 effectu\u00e9 des rappels de sa production en juin"},"content":{"rendered":"\n<p class=\"c-chapo \">\n  Les autorit\u00e9s sanitaires ont identifi\u00e9 21\u00a0cas de list\u00e9riose, dont deux d\u00e9c\u00e8s, qui pourraient pr\u00e9senter un \u00ab\u00a0lien possible\u00a0\u00bb avec la consommation de fromages au lait pasteuris\u00e9 de la fromagerie Chavegrand ayant fait l&rsquo;objet d&rsquo;un rappel.\n<\/p>\n<p>            lire plus tard<\/p>\n<p id=\"dialog__title\" class=\"dialog__title\">Pour sauvegarder cet article, connectez-vous ou cr\u00e9ez un compte franceinfo<\/p>\n<p class=\"dialog__description\">Sans paiement. Sans abonnement.<\/p>\n<p>        Fermer la fen\u00eatre d\u2019activation des notifications France Info<\/p>\n<p>            cr\u00e9er votre compte<\/p>\n<p>            se connecter<\/p>\n<p>        Fermer la fen\u00eatre de pr\u00e9sentation<\/p>\n<p>    Publi\u00e9 le 12\/08\/2025 23:36<\/p>\n<p>        Temps de lecture : 2min<\/p>\n<p>    <img decoding=\"async\"  alt=\"Des fromages dans une usine. Photo d'illustration. (S\u00c9BASTIEN ROSEL\u00c9 \/ MAXPPP)\" width=\"432\" height=\"243\" src=\"https:\/\/www.europesays.com\/fr\/wp-content\/uploads\/2025\/08\/fromages-689bb36668724142502795.jpg\" fetchpriority=\"high\"\/><\/p>\n<p>      Des fromages dans une usine. Photo d&rsquo;illustration. (S\u00c9BASTIEN ROSEL\u00c9 \/ MAXPPP)<\/p>\n<p>La fromagerie Chavegrand, <a href=\"https:\/\/www.franceinfo.fr\/economie\/des-fromages-vendus-par-les-magasins-u-et-lidl-font-l-objet-d-un-rappel-pour-risque-de-listeria_7431367.html\" rel=\"nofollow noopener\" target=\"_blank\">au c\u0153ur d&rsquo;un rappel de produits pour une suspicion de Listeria<\/a>, affirme avoir d\u00e9j\u00e0 effectu\u00e9 des rappels de sa production en juin dernier, rapporte mardi 12 ao\u00fbt <a href=\"https:\/\/www.francebleu.fr\/infos\/economie-social\/risque-de-listeria-la-laiterie-chavegrand-en-creuse-retire-105-references-de-fromage-par-mesure-de-precaution-2377620\" target=\"_blank\" rel=\"noopener nofollow\">ICI Creuse (ex-France Bleu)<\/a>.<\/p>\n<p>Ce rappel avait eu lieu apr\u00e8s un signalement sur un fromage distribu\u00e9 par l&rsquo;enseigne Carrefour, sur une suspicion de contamination \u00e0 la listeria. \u00ab\u00a0On a pris la d\u00e9cision de retirer tous les produits concern\u00e9s, explique le responsable communication de l&rsquo;entreprise, Guillaume Albert. On a m\u00eame \u00e9largi le rappel \u00e0 des produits qui avaient \u00e9t\u00e9 fabriqu\u00e9s sur les m\u00eames lignes de production et aux m\u00eames dates.\u00a0\u00bb<\/p>\n<p>Ces retraits sont intervenus alors que la fromagerie fermait d&rsquo;anciennes lignes de production et en mettait en route une toute nouvelle le 8\u00a0juin, dans un nouveau b\u00e2timent. Une ligne enti\u00e8rement s\u00fbre puisqu&rsquo;elle a subi un vide sanitaire explique la fromagerie. Pourtant, le 21\u00a0juillet, une nouvelle alerte est \u00e9mise, cette fois des autorit\u00e9s de sant\u00e9, signalant plusieurs personnes malades. Ces derni\u00e8res avaient consomm\u00e9 des produits de la fromagerie. \u00ab\u00a0Ces fromages avaient \u00e9t\u00e9 produits avant la fermeture de notre ancienne ligne de production, assure Guillaume Albert. Donc, par mesure de pr\u00e9caution, nous avons d\u00e9cid\u00e9 de rappeler l&rsquo;ensemble de toutes nos fabrications avant le 1er juin.\u00a0\u00bb Ce sont ainsi 105\u00a0r\u00e9f\u00e9rences de fromages Chavegrand, au lait de vache et au lait de ch\u00e8vre, qui ont \u00e9t\u00e9 rappel\u00e9es.<\/p>\n<p>Finalement, entre lundi et mardi, plus de 40\u00a0lots de fromages ont fait l&rsquo;objet d&rsquo;un rappel en raison de suspicion de contamination \u00e0 la bact\u00e9rie listeria, selon le site gouvernemental Rappel Conso. Les fromages concern\u00e9s, de plusieurs marques, sont vendus en grande surface comme Leclerc, Carrefour ou Auchan. Les 40\u00a0lots de fromages vis\u00e9s proviennent de la fromagerie Chavegrand, situ\u00e9e en Creuse. La source de contamination n&rsquo;est toujours pas identifi\u00e9e. Elle pourrait provenir du lait. Les investigations sont en cours et peuvent prendre plusieurs semaines.<\/p>\n<p>Mardi, un communiqu\u00e9 diffus\u00e9 par Sant\u00e9 publique France et le minist\u00e8re de l&rsquo;Agriculture indiquait que les autorit\u00e9s sanitaires avaient identifi\u00e9 21\u00a0cas de list\u00e9riose, dont deux d\u00e9c\u00e8s, qui pourraient pr\u00e9senter un \u00ab\u00a0lien possible\u00a0\u00bb avec la consommation de fromages au lait pasteuris\u00e9 de la fromagerie Chavegrand ayant fait l&rsquo;objet d&rsquo;un rappel.<\/p>\n<p>Chavegrand est une fromagerie historique en Creuse, cr\u00e9\u00e9e en\u00a01952 et qui aujourd&rsquo;hui compte pr\u00e8s de 120\u00a0salari\u00e9s. Elle collecte plus de 60\u00a0millions de litres de lait dans cinq d\u00e9partements, pour la fabrication de 7\u00a0000 tonnes de fromages. Chaque jour, elle revendique plus de 90\u00a0000 pi\u00e8ces produites, des fromages au lait de vache et au lait de ch\u00e8vre. Chavegrand produit essentiellement les marques de distributeurs.<\/p>\n","protected":false},"excerpt":{"rendered":"Les autorit\u00e9s sanitaires ont identifi\u00e9 21\u00a0cas de list\u00e9riose, dont deux d\u00e9c\u00e8s, qui pourraient pr\u00e9senter un \u00ab\u00a0lien possible\u00a0\u00bb avec&hellip;\n","protected":false},"author":2,"featured_media":315147,"comment_status":"","ping_status":"","sticky":false,"template":"","format":"standard","meta":{"footnotes":""},"categories":[1888],"tags":[1111,1928,11,1927,1777,674,1011,27,12,1926,626,1925,25],"class_list":{"0":"post-315146","1":"post","2":"type-post","3":"status-publish","4":"format-standard","5":"has-post-thumbnail","7":"category-paris","8":"tag-actu","9":"tag-actu-paris","10":"tag-actualites","11":"tag-actualites-paris","12":"tag-eu","13":"tag-europe","14":"tag-fr","15":"tag-france","16":"tag-news","17":"tag-news-paris","18":"tag-paris","19":"tag-paris-news","20":"tag-republique-francaise"},"share_on_mastodon":{"url":"https:\/\/pubeurope.com\/@fr\/115018752080629838","error":""},"_links":{"self":[{"href":"https:\/\/www.europesays.com\/fr\/wp-json\/wp\/v2\/posts\/315146","targetHints":{"allow":["GET"]}}],"collection":[{"href":"https:\/\/www.europesays.com\/fr\/wp-json\/wp\/v2\/posts"}],"about":[{"href":"https:\/\/www.europesays.com\/fr\/wp-json\/wp\/v2\/types\/post"}],"author":[{"embeddable":true,"href":"https:\/\/www.europesays.com\/fr\/wp-json\/wp\/v2\/users\/2"}],"replies":[{"embeddable":true,"href":"https:\/\/www.europesays.com\/fr\/wp-json\/wp\/v2\/comments?post=315146"}],"version-history":[{"count":0,"href":"https:\/\/www.europesays.com\/fr\/wp-json\/wp\/v2\/posts\/315146\/revisions"}],"wp:featuredmedia":[{"embeddable":true,"href":"https:\/\/www.europesays.com\/fr\/wp-json\/wp\/v2\/media\/315147"}],"wp:attachment":[{"href":"https:\/\/www.europesays.com\/fr\/wp-json\/wp\/v2\/media?parent=315146"}],"wp:term":[{"taxonomy":"category","embeddable":true,"href":"https:\/\/www.europesays.com\/fr\/wp-json\/wp\/v2\/categories?post=315146"},{"taxonomy":"post_tag","embeddable":true,"href":"https:\/\/www.europesays.com\/fr\/wp-json\/wp\/v2\/tags?post=315146"}],"curies":[{"name":"wp","href":"https:\/\/api.w.org\/{rel}","templated":true}]}}