{"id":315154,"date":"2025-08-13T01:03:11","date_gmt":"2025-08-13T01:03:11","guid":{"rendered":"https:\/\/www.europesays.com\/fr\/315154\/"},"modified":"2025-08-13T01:03:11","modified_gmt":"2025-08-13T01:03:11","slug":"les-russes-sont-peu-economes-pour-les-vies-humaines-souligne-david-rigoulet-roze-chercheur-a-lifas","status":"publish","type":"post","link":"https:\/\/www.europesays.com\/fr\/315154\/","title":{"rendered":"\u00ab\u00a0Les Russes sont peu \u00e9conomes pour les vies humaines\u00a0\u00bb; souligne David Rigoulet-Roze, chercheur \u00e0 l&rsquo;IFAS"},"content":{"rendered":"<p>Guerre en Ukraine: \u00ab\u00a0Les Russes sont peu \u00e9conomes pour les vies humaines\u00a0\u00bb; souligne David Rigoulet-Roze, chercheur \u00e0 l&rsquo;IFASSur le m\u00eame sujet<a href=\"https:\/\/www.bfmtv.com\/international\/asie\/russie\/video-rencontre-trump-poutine-la-porte-parole-du-president-americain-parle-d-un-sommet-a-la-demande-de-poutine_VN-202508120538.html\" title=\"Rencontre Trump\/Poutine: la porte-parole du pr\u00e9sident am\u00e9ricain parle d&#039;un sommet &quot;\u00e0 la demande de Poutine&quot;\" rel=\"nofollow noopener\" target=\"_blank\"><img width=\"16\" height=\"9\" class=\"lozad\"  alt=\"Rencontre Trump\/Poutine: la porte-parole du pr\u00e9sident am\u00e9ricain parle d'un sommet &quot;\u00e0 la demande de Poutine&quot;\"\/>2:26Rencontre Trump\/Poutine: la porte-parole du pr\u00e9sident am\u00e9ricain parle d&rsquo;un sommet \u00ab\u00a0\u00e0 la demande de Poutine\u00a0\u00bb<\/a><a href=\"https:\/\/www.bfmtv.com\/international\/asie\/russie\/video-guerre-en-ukraine-les-russes-sont-peu-economes-pour-les-vies-humaines-souligne-david-rigoulet-roze-chercheur-a-l-ifas_VN-202508120536.html\" title=\"Guerre en Ukraine: &quot;Les Russes sont peu \u00e9conomes pour les vies humaines&quot;; souligne David Rigoulet-Roze, chercheur \u00e0 l&#039;IFAS\" rel=\"nofollow noopener\" target=\"_blank\"><img width=\"16\" height=\"9\" class=\"lozad\"  alt=\"Guerre en Ukraine: &quot;Les Russes sont peu \u00e9conomes pour les vies humaines&quot;; souligne David Rigoulet-Roze, chercheur \u00e0 l'IFAS\"\/>en lectureGuerre en Ukraine: \u00ab\u00a0Les Russes sont peu \u00e9conomes pour les vies humaines\u00a0\u00bb; souligne David Rigoulet-Roze, chercheur \u00e0 l&rsquo;IFAS<\/a><a href=\"https:\/\/www.bfmtv.com\/international\/asie\/russie\/video-un-caneton-integre-a-une-brigade-ukrainienne-pour-apaiser-les-soldats_VN-202508120524.html\" title=\"Un caneton int\u00e9gr\u00e9 \u00e0 une brigade ukrainienne pour apaiser les soldats\" rel=\"nofollow noopener\" target=\"_blank\"><img width=\"16\" height=\"9\" class=\"lozad\"  alt=\"Un caneton int\u00e9gr\u00e9 \u00e0 une brigade ukrainienne pour apaiser les soldats\"\/>1:22Un caneton int\u00e9gr\u00e9 \u00e0 une brigade ukrainienne pour apaiser les soldats<\/a><a href=\"https:\/\/www.bfmtv.com\/international\/asie\/russie\/video-sommet-en-alaska-cessez-le-feu-echanges-de-territoires-l-interview-integrale-de-frederic-encel_VN-202508120511.html\" title=\"Sommet en Alaska, cessez-le-feu, \u00e9changes de territoires ... L&#039;interview int\u00e9grale de Fr\u00e9d\u00e9ric Encel\" rel=\"nofollow noopener\" target=\"_blank\"><img width=\"16\" height=\"9\" class=\"lozad\"  alt=\"Sommet en Alaska, cessez-le-feu, \u00e9changes de territoires ... L'interview int\u00e9grale de Fr\u00e9d\u00e9ric Encel\"\/>10:59Sommet en Alaska, cessez-le-feu, \u00e9changes de territoires &#8230; L&rsquo;interview int\u00e9grale de Fr\u00e9d\u00e9ric Encel<\/a><a href=\"https:\/\/www.bfmtv.com\/international\/asie\/russie\/video-sommet-trump-poutine-chacun-ne-voit-pas-la-victoire-finale-dans-le-meme-registre-estime-frederic-encel-docteur-en-geopolitique_VN-202508120497.html\" title=\"Sommet Trump\/Poutine: &quot;Chacun ne voit pas la victoire finale dans le m\u00eame registre&quot;, estime Fr\u00e9d\u00e9ric Encel, docteur en g\u00e9opolitique\" rel=\"nofollow noopener\" target=\"_blank\"><img width=\"16\" height=\"9\" class=\"lozad\"  alt=\"Sommet Trump\/Poutine: &quot;Chacun ne voit pas la victoire finale dans le m\u00eame registre&quot;, estime Fr\u00e9d\u00e9ric Encel, docteur en g\u00e9opolitique\"\/>1:22Sommet Trump\/Poutine: \u00ab\u00a0Chacun ne voit pas la victoire finale dans le m\u00eame registre\u00a0\u00bb, estime Fr\u00e9d\u00e9ric Encel, docteur en g\u00e9opolitique<\/a><a href=\"https:\/\/www.bfmtv.com\/international\/asie\/russie\/video-rencontre-trump-poutine-pour-frederic-encel-docteur-en-geopolitique-il-est-inimaginable-que-l-ukraine-ne-perde-aucun-de-ses-territoires_VN-202508120492.html\" title=\"Rencontre Trump\/Poutine: pour Fr\u00e9d\u00e9ric Encel, docteur en g\u00e9opolitique, il est &quot;inimaginable&quot; que l&#039;Ukraine ne perde aucun de ses territoires\" rel=\"nofollow noopener\" target=\"_blank\"><img width=\"16\" height=\"9\" class=\"lozad\"  alt=\"Rencontre Trump\/Poutine: pour Fr\u00e9d\u00e9ric Encel, docteur en g\u00e9opolitique, il est &quot;inimaginable&quot; que l'Ukraine ne perde aucun de ses territoires\"\/>2:09Rencontre Trump\/Poutine: pour Fr\u00e9d\u00e9ric Encel, docteur en g\u00e9opolitique, il est \u00ab\u00a0inimaginable\u00a0\u00bb que l&rsquo;Ukraine ne perde aucun de ses territoires<\/a><a href=\"https:\/\/www.bfmtv.com\/international\/asie\/russie\/video-guerre-en-ukraine-l-armee-russe-est-en-train-d-illustrer-le-fait-que-poutine-souhaite-parvenir-a-un-veritable-cessez-le-feu-estime-frederic-encel-docteur-en-geopolitique_VN-202508120488.html\" title=\"Guerre en Ukraine: &quot;L&#039;arm\u00e9e russe est en train d&#039;illustrer le fait que Poutine souhaite parvenir \u00e0 un v\u00e9ritable cessez-le-feu&quot;, estime Fr\u00e9d\u00e9ric Encel, docteur en g\u00e9opolitique\" rel=\"nofollow noopener\" target=\"_blank\"><img width=\"16\" height=\"9\" class=\"lozad\"  alt=\"Guerre en Ukraine: &quot;L'arm\u00e9e russe est en train d'illustrer le fait que Poutine souhaite parvenir \u00e0 un v\u00e9ritable cessez-le-feu&quot;, estime Fr\u00e9d\u00e9ric Encel, docteur en g\u00e9opolitique\"\/>0:53Guerre en Ukraine: \u00ab\u00a0L&rsquo;arm\u00e9e russe est en train d&rsquo;illustrer le fait que Poutine souhaite parvenir \u00e0 un v\u00e9ritable cessez-le-feu\u00a0\u00bb, estime Fr\u00e9d\u00e9ric Encel, docteur en g\u00e9opolitique<\/a><a href=\"https:\/\/www.bfmtv.com\/international\/asie\/russie\/video-sommet-trump-poutine-quelles-sont-les-intentions-du-president-americain-a-j-3_VN-202508120487.html\" title=\"Sommet Trump\/Poutine: quelles sont les intentions du pr\u00e9sident am\u00e9ricain \u00e0 J-3?\" rel=\"nofollow noopener\" target=\"_blank\"><img width=\"16\" height=\"9\" class=\"lozad\"  alt=\"Sommet Trump\/Poutine: quelles sont les intentions du pr\u00e9sident am\u00e9ricain \u00e0 J-3?\"\/>2:02Sommet Trump\/Poutine: quelles sont les intentions du pr\u00e9sident am\u00e9ricain \u00e0 J-3?<\/a><a href=\"https:\/\/www.bfmtv.com\/international\/asie\/russie\/video-sommet-trump-poutine-yves-jego-ancien-secretaire-d-etat-espere-un-front-commun-de-l-europe-face-au-president-americain_VN-202508120474.html\" title=\"Sommet Trump\/Poutine: Yves J\u00e9go, ancien secr\u00e9taire d&#039;\u00c9tat, esp\u00e8re &quot;un front commun&quot; de l&#039;Europe face au pr\u00e9sident am\u00e9ricain\" rel=\"nofollow noopener\" target=\"_blank\"><img width=\"16\" height=\"9\" class=\"lozad\"  alt=\"Sommet Trump\/Poutine: Yves J\u00e9go, ancien secr\u00e9taire d'\u00c9tat, esp\u00e8re &quot;un front commun&quot; de l'Europe face au pr\u00e9sident am\u00e9ricain\"\/>2:07Sommet Trump\/Poutine: Yves J\u00e9go, ancien secr\u00e9taire d&rsquo;\u00c9tat, esp\u00e8re \u00ab\u00a0un front commun\u00a0\u00bb de l&rsquo;Europe face au pr\u00e9sident am\u00e9ricain<\/a><a href=\"https:\/\/www.bfmtv.com\/international\/asie\/russie\/video-volodymyr-zelensky-reconnait-une-avancee-russe-d-environ-10-kilometres-dans-l-est-de-l-ukraine_VN-202508120465.html\" title=\"Volodymyr Zelensky reconna\u00eet une avanc\u00e9e russe &quot;d&#039;environ 10 kilom\u00e8tres&quot; dans l&#039;est de l&#039;Ukraine\" rel=\"nofollow noopener\" target=\"_blank\"><img width=\"16\" height=\"9\" class=\"lozad\"  alt=\"Volodymyr Zelensky reconna\u00eet une avanc\u00e9e russe &quot;d'environ 10 kilom\u00e8tres&quot; dans l'est de l'Ukraine\"\/>1:25Volodymyr Zelensky reconna\u00eet une avanc\u00e9e russe \u00ab\u00a0d&rsquo;environ 10 kilom\u00e8tres\u00a0\u00bb dans l&rsquo;est de l&rsquo;Ukraine<\/a><a href=\"https:\/\/www.bfmtv.com\/international\/asie\/russie\/video-volodymyr-zelensky-qualifie-la-rencontre-trump-poutine-de-victoire-personnelle-pour-le-president-russe_VN-202508120461.html\" title=\"Volodymyr Zelensky qualifie la rencontre Trump\/Poutine de &quot;victoire personnelle&quot; pour le pr\u00e9sident russe\" rel=\"nofollow noopener\" target=\"_blank\"><img width=\"16\" height=\"9\" class=\"lozad\"  alt=\"Volodymyr Zelensky qualifie la rencontre Trump\/Poutine de &quot;victoire personnelle&quot; pour le pr\u00e9sident russe\"\/>0:53Volodymyr Zelensky qualifie la rencontre Trump\/Poutine de \u00ab\u00a0victoire personnelle\u00a0\u00bb pour le pr\u00e9sident russe<\/a><a href=\"https:\/\/www.bfmtv.com\/replay-emissions\/bfm-story\/video-story-2-alaska-vers-un-accord-au-detriment-de-kiev-12-08_VN-202508120449.html\" title=\"Story 2 : Alaska, vers un accord au d\u00e9triment de Kiev ? - 12\/08\" rel=\"nofollow noopener\" target=\"_blank\"><img width=\"16\" height=\"9\" class=\"lozad\"  alt=\"Story 2 : Alaska, vers un accord au d\u00e9triment de Kiev ? - 12\/08\"\/>18:25Story 2 : Alaska, vers un accord au d\u00e9triment de Kiev ? &#8211; 12\/08<\/a><a href=\"https:\/\/www.bfmtv.com\/international\/asie\/russie\/video-ukraine-avancee-inedite-de-l-armee-russe-dans-le-donbass_VN-202508120435.html\" title=\"Ukraine: avanc\u00e9e in\u00e9dite de l&#039;arm\u00e9e russe dans le Donbass\" rel=\"nofollow noopener\" target=\"_blank\"><img width=\"16\" height=\"9\" class=\"lozad\"  alt=\"Ukraine: avanc\u00e9e in\u00e9dite de l'arm\u00e9e russe dans le Donbass\"\/>1:20Ukraine: avanc\u00e9e in\u00e9dite de l&rsquo;arm\u00e9e russe dans le Donbass<\/a><a href=\"https:\/\/www.bfmtv.com\/international\/asie\/russie\/video-rencontre-trump-poutine-le-dirigeant-russe-est-il-en-position-de-force-avant-ce-sommet_VN-202508120388.html\" title=\"Rencontre Trump\/Poutine: le dirigeant russe est-il en position de force avant ce sommet?\" rel=\"nofollow noopener\" target=\"_blank\"><img width=\"16\" height=\"9\" class=\"lozad\"  alt=\"Rencontre Trump\/Poutine: le dirigeant russe est-il en position de force avant ce sommet?\"\/>1:24Rencontre Trump\/Poutine: le dirigeant russe est-il en position de force avant ce sommet?<\/a><a class=\"jumpToVideo\" target=\"_blank\"><img class=\"thumbnailPreview\"\/><\/a><\/p>\n","protected":false},"excerpt":{"rendered":"Guerre en Ukraine: \u00ab\u00a0Les Russes sont peu \u00e9conomes pour les vies humaines\u00a0\u00bb; souligne David Rigoulet-Roze, chercheur \u00e0 l&rsquo;IFASSur&hellip;\n","protected":false},"author":2,"featured_media":315155,"comment_status":"","ping_status":"","sticky":false,"template":"","format":"standard","meta":{"footnotes":""},"categories":[1591],"tags":[11,1887,12,1885,1886,132],"class_list":{"0":"post-315154","1":"post","2":"type-post","3":"status-publish","4":"format-standard","5":"has-post-thumbnail","7":"category-russie","8":"tag-actualites","9":"tag-federation-de-russie","10":"tag-news","11":"tag-russia","12":"tag-russian-federation","13":"tag-russie"},"share_on_mastodon":{"url":"https:\/\/pubeurope.com\/@fr\/115018767103890981","error":""},"_links":{"self":[{"href":"https:\/\/www.europesays.com\/fr\/wp-json\/wp\/v2\/posts\/315154","targetHints":{"allow":["GET"]}}],"collection":[{"href":"https:\/\/www.europesays.com\/fr\/wp-json\/wp\/v2\/posts"}],"about":[{"href":"https:\/\/www.europesays.com\/fr\/wp-json\/wp\/v2\/types\/post"}],"author":[{"embeddable":true,"href":"https:\/\/www.europesays.com\/fr\/wp-json\/wp\/v2\/users\/2"}],"replies":[{"embeddable":true,"href":"https:\/\/www.europesays.com\/fr\/wp-json\/wp\/v2\/comments?post=315154"}],"version-history":[{"count":0,"href":"https:\/\/www.europesays.com\/fr\/wp-json\/wp\/v2\/posts\/315154\/revisions"}],"wp:featuredmedia":[{"embeddable":true,"href":"https:\/\/www.europesays.com\/fr\/wp-json\/wp\/v2\/media\/315155"}],"wp:attachment":[{"href":"https:\/\/www.europesays.com\/fr\/wp-json\/wp\/v2\/media?parent=315154"}],"wp:term":[{"taxonomy":"category","embeddable":true,"href":"https:\/\/www.europesays.com\/fr\/wp-json\/wp\/v2\/categories?post=315154"},{"taxonomy":"post_tag","embeddable":true,"href":"https:\/\/www.europesays.com\/fr\/wp-json\/wp\/v2\/tags?post=315154"}],"curies":[{"name":"wp","href":"https:\/\/api.w.org\/{rel}","templated":true}]}}