{"id":315158,"date":"2025-08-13T01:05:11","date_gmt":"2025-08-13T01:05:11","guid":{"rendered":"https:\/\/www.europesays.com\/fr\/315158\/"},"modified":"2025-08-13T01:05:11","modified_gmt":"2025-08-13T01:05:11","slug":"les-etats-unis-sanctionnent-des-groupes-armes-et-des-entreprises-au-congo","status":"publish","type":"post","link":"https:\/\/www.europesays.com\/fr\/315158\/","title":{"rendered":"Les \u00c9tats-Unis sanctionnent des groupes arm\u00e9s et des entreprises au Congo"},"content":{"rendered":"<p>Le gouvernement am\u00e9ricain a sanctionn\u00e9 mardi un groupe arm\u00e9 accus\u00e9 de trafic illicite de minerais dans l\u2019est du Congo, alors que Washington tente de mener des efforts de paix dans la r\u00e9gion tout en faisant pression pour un acc\u00e8s des \u00c9tats-Unis aux minerais de la r\u00e9gion.<\/p>\n<p>Un haut responsable du gouvernement am\u00e9ricain, s\u2019exprimant sous couvert d\u2019anonymat avant l\u2019annonce officielle, a d\u00e9clar\u00e9 que les d\u00e9partements d\u2019\u00c9tat et du Tr\u00e9sor sanctionnaient le groupe arm\u00e9 PARECO, qui contr\u00f4lait le site minier cl\u00e9 de Rubaya pour l\u2019extraction de coltan de 2022 \u00e0 d\u00e9but 2024.<\/p>\n<p>\u00abPendant cette p\u00e9riode, PARECO a g\u00e9n\u00e9r\u00e9 des revenus en supervisant les op\u00e9rations mini\u00e8res, en collectant des taxes et des frais ill\u00e9gaux pour les mineurs et en se livrant \u00e0 la contrebande de minerais. Il a \u00e9galement impos\u00e9 le travail forc\u00e9 et ex\u00e9cut\u00e9 des civils dans les zones mini\u00e8res sous son contr\u00f4le\u00bb, a expliqu\u00e9 le responsable \u00e0 Washington.<\/p>\n<p>Les \u00c9tats-Unis sanctionnent \u00e9galement la soci\u00e9t\u00e9 mini\u00e8re congolaise CDMC, accus\u00e9e d\u2019avoir vendu des minerais provenant de mines proches de Rubaya et introduits en contrebande, ainsi que deux exportateurs hongkongais, East Rise et Star Dragon, qui ont achet\u00e9 des minerais provenant de la zone mini\u00e8re. Le D\u00e9partement d\u2019\u00c9tat a annonc\u00e9 le gel des avoirs du groupe arm\u00e9 et des entreprises aux \u00c9tats-Unis ou sous contr\u00f4le am\u00e9ricain, et l\u2019interdiction de toute transaction avec eux.<\/p>\n<p>Rubaya est actuellement sous le contr\u00f4le du groupe rebelle M23, d\u00e9j\u00e0 vis\u00e9 par des sanctions am\u00e9ricaines.<\/p>\n<p>Le site minier se trouve au c\u0153ur de l\u2019est du Congo, une r\u00e9gion riche en minerais de ce pays d\u2019Afrique centrale, d\u00e9chir\u00e9e depuis des d\u00e9cennies par la violence des forces gouvernementales et de diff\u00e9rents groupes arm\u00e9s, dont le M23, soutenu par le Rwanda, dont la r\u00e9cente r\u00e9surgence a intensifi\u00e9 le conflit et aggrav\u00e9 une crise humanitaire d\u00e9j\u00e0 aigu\u00eb.<\/p>\n<p>En juin, le Congo et le Rwanda ont sign\u00e9 un accord de paix, facilit\u00e9 par les \u00c9tats-Unis, pour mettre fin au conflit tout en aidant le gouvernement am\u00e9ricain et les entreprises am\u00e9ricaines \u00e0 acc\u00e9der aux minerais essentiels de la r\u00e9gion.<\/p>\n<p>Le Congo et les rebelles du M23 ont \u00e9galement convenu de signer un accord de paix permanent d\u2019ici le 18\u00a0ao\u00fbt, mais la reprise des combats a compromis cet effort.<\/p>\n<p>Mardi, le Congo et le M23 se sont mutuellement accus\u00e9s d\u2019avoir viol\u00e9 l\u2019accord en attaquant les forces adverses. <\/p>\n<p>\u2014 Jean-yves Kamale a r\u00e9alis\u00e9 son reportage depuis Kinshasa, au Congo, et Justin Kabumba depuis Goma, au Congo. Matthew Lee, journaliste \u00e0 l\u2019Associated Press \u00e0 Washington, a contribu\u00e9 \u00e0 ce reportage.<\/p>\n","protected":false},"excerpt":{"rendered":"Le gouvernement am\u00e9ricain a sanctionn\u00e9 mardi un groupe arm\u00e9 accus\u00e9 de trafic illicite de minerais dans l\u2019est du&hellip;\n","protected":false},"author":2,"featured_media":315159,"comment_status":"","ping_status":"","sticky":false,"template":"","format":"standard","meta":{"footnotes":""},"categories":[1589],"tags":[11,73,1866,1854,12,1864,1865,1863,308],"class_list":{"0":"post-315158","1":"post","2":"type-post","3":"status-publish","4":"format-standard","5":"has-post-thumbnail","7":"category-etats-unis","8":"tag-actualites","9":"tag-etats-unis","10":"tag-etats-unis-damerique","11":"tag-https-lactualite-com-sujet-international","12":"tag-news","13":"tag-united-states","14":"tag-united-states-of-america","15":"tag-us","16":"tag-usa"},"share_on_mastodon":{"url":"https:\/\/pubeurope.com\/@fr\/115018775089831878","error":""},"_links":{"self":[{"href":"https:\/\/www.europesays.com\/fr\/wp-json\/wp\/v2\/posts\/315158","targetHints":{"allow":["GET"]}}],"collection":[{"href":"https:\/\/www.europesays.com\/fr\/wp-json\/wp\/v2\/posts"}],"about":[{"href":"https:\/\/www.europesays.com\/fr\/wp-json\/wp\/v2\/types\/post"}],"author":[{"embeddable":true,"href":"https:\/\/www.europesays.com\/fr\/wp-json\/wp\/v2\/users\/2"}],"replies":[{"embeddable":true,"href":"https:\/\/www.europesays.com\/fr\/wp-json\/wp\/v2\/comments?post=315158"}],"version-history":[{"count":0,"href":"https:\/\/www.europesays.com\/fr\/wp-json\/wp\/v2\/posts\/315158\/revisions"}],"wp:featuredmedia":[{"embeddable":true,"href":"https:\/\/www.europesays.com\/fr\/wp-json\/wp\/v2\/media\/315159"}],"wp:attachment":[{"href":"https:\/\/www.europesays.com\/fr\/wp-json\/wp\/v2\/media?parent=315158"}],"wp:term":[{"taxonomy":"category","embeddable":true,"href":"https:\/\/www.europesays.com\/fr\/wp-json\/wp\/v2\/categories?post=315158"},{"taxonomy":"post_tag","embeddable":true,"href":"https:\/\/www.europesays.com\/fr\/wp-json\/wp\/v2\/tags?post=315158"}],"curies":[{"name":"wp","href":"https:\/\/api.w.org\/{rel}","templated":true}]}}