{"id":31516,"date":"2025-04-17T11:07:26","date_gmt":"2025-04-17T11:07:26","guid":{"rendered":"https:\/\/www.europesays.com\/fr\/31516\/"},"modified":"2025-04-17T11:07:26","modified_gmt":"2025-04-17T11:07:26","slug":"huw-jones-dan-lancaster-rc-toulon-les-infos-transferts-du-mardi-15-avril","status":"publish","type":"post","link":"https:\/\/www.europesays.com\/fr\/31516\/","title":{"rendered":"Huw Jones, Dan Lancaster, RC Toulon, les infos transferts du mardi 15 avril"},"content":{"rendered":"<p>\t\t\t\t\t\t\t\t\t\t\t\t\t\tTRANSFERTS RUGBY \u2013 Huw Jones et d\u2019autres joueurs \u00e9cossais ont des touches en France, Dan Lancaster pourrait quitter le Racing 92, Toulon continue d\u2019annoncer des prolongations : les infos transferts du mardi 15 avril.<br \/>\n\u00c9cosse : Huw Jones, Stafford McDowall et Mark Bennett en Top 14 ?<\/p>\n<p style=\"text-align: justify;\">Apr\u00e8s l\u2019ouvreur <a href=\"https:\/\/dicodusport.fr\/blog\/transferts-2-clubs-de-top-14-veulent-duncan-weir-ecosse\/\" target=\"_blank\" rel=\"noopener\"><strong>Duncan Weir<\/strong><\/a> (33 ans), trois autres internationaux \u00e9cossais voient leur nom circuler en France ces derni\u00e8res heures. Selon RugbyInformation, deux co\u00e9quipiers de Weir \u00e0 Glasgow, <strong>Huw Jones<\/strong> (31 ans, centre) et <strong>Stafford<\/strong>\u00a0<strong>McDowall <\/strong>(27 ans, centre), sont au centre des rumeurs en vue d\u2019une arriv\u00e9e en France. Ce n\u2019est pas la premi\u00e8re fois que le premier cit\u00e9 est associ\u00e9 \u00e0 un possible transfert en France, <strong>Montpellier<\/strong> et le <strong>Stade Fran\u00e7ais<\/strong> ayant d\u00e9j\u00e0 essay\u00e9 de l\u2019attirer dans leurs filets.<\/p>\n<p style=\"text-align: justify;\">Enfin, toujours derri\u00e8re, mais \u00e0 \u00c9dimbourg cette fois, <strong>Mark Bennett<\/strong> pourrait aussi franchir le cap, alors qu\u2019il est en fin de contrat au sein de la province de la capitale \u00e9cossaise. Bri\u00e8vement pass\u00e9 par Clermont lors de la saison 2021-2022, le centre\/aillier pourrait faire son retour en France dans les prochains mois. Affaires \u00e0 suivre.<\/p>\n<p style=\"text-align: justify;\"><strong>L\u2019avis de Dicodusport<\/strong> <strong>: <\/strong>D\u00e9cid\u00e9ment, il ne se passe pas une semaine (voire un jour, ces derniers temps), sans voir le nom d\u2019un joueur \u00e9cossais sur les tablettes d\u2019un club fran\u00e7ais. \u00c9videmment, tous les joueurs cit\u00e9s ci-dessus ne viendront pas en France, mais cela traduit quand m\u00eame la volont\u00e9 des joueurs du Chardon de s\u2019exporter, la f\u00e9d\u00e9ration \u00e9cossaise ne parvenant pas (toujours) \u00e0 retenir ses meilleurs \u00e9l\u00e9ments.<\/p>\n<p>Racing 92 : Dan Lancaster sur le d\u00e9part ?<\/p>\n<p style=\"text-align: justify;\"><strong>Dan Lancaster<\/strong> va-t-il poursuivre sa carri\u00e8re au <strong>Racing 92<\/strong> ? Rien n\u2019est moins s\u00fbr. Selon <a href=\"https:\/\/www.rugbypass.com\/fr\/news\/dan-lancaster-du-racing-92-a-glasgow\/\" target=\"_blank\" rel=\"noopener\">RugbyPass<\/a>, l\u2019ouvreur de 23 ans, en fin de bail en juin prochain, a des envies de retour outre-Manche. La raison ? La perspective de porter un jour le maillot de l\u2019\u00c9cosse, <strong>Lancaster<\/strong> \u00e9tant \u00e9ligible au XV du Chardon gr\u00e2ce \u00e0 sa grand-m\u00e8re, originaire de Dumfries. Le fils de Stuart, ancien manager du club francilien, pourrait alors rejoindre les <strong>Glasgow Warriors<\/strong>.<\/p>\n<p style=\"text-align: justify;\">Toutefois, une prolongation dans les Hauts-de-Seine n\u2019est pas non plus \u00e0 exclure. Cette saison, <strong>Lancaster<\/strong> a disput\u00e9 23 rencontres, pour treize titularisations. Il a l\u2019avantage de pouvoir \u00e9voluer au centre, en plus de son r\u00f4le \u00e0 l\u2019ouverture.<\/p>\n<p style=\"text-align: justify;\"><strong>L\u2019avis de Dicodusport<\/strong> <strong>: <\/strong>Il a \u00e9t\u00e9 beaucoup critiqu\u00e9 fin 2024, \u00e0 juste titre. Mais depuis quelques semaines, Dan Lancaster performe. Son contrat s\u2019achevant en juin prochain, les courtisans doivent \u00eatre quelques-uns \u00e0 \u00eatre l\u2019aff\u00fbt. Mais l\u2019envie d\u2019\u00e9voluer en \u00c9cosse pourrait bien faire la diff\u00e9rence, dans l\u2019optique d\u2019avoir plus de chances de joueur sous le maillot du XV du Chardon. Affaire \u00e0 suivre.<\/p>\n<p>\n<a href=\"https:\/\/dicodusport.fr\/blog\/offres\/abonnements-sans-pub\/\" target=\"_blank\" rel=\"noopener\"><img loading=\"lazy\" decoding=\"async\" class=\"alignnone size-full wp-image-501284 perfmatters-lazy\" alt=\"\" width=\"1200\" height=\"200\" src=\"https:\/\/www.europesays.com\/fr\/wp-content\/uploads\/2025\/04\/Abonnements-sans-pubs-Dicodusport.png\"\/><\/a><br \/><a href=\"https:\/\/dicodusport.fr\/blog\/offres\/abonnements-sans-pub\/\" target=\"_blank\" rel=\"noopener\"><img loading=\"lazy\" decoding=\"async\" class=\"alignnone size-full wp-image-501296 perfmatters-lazy\" alt=\"\" width=\"400\" height=\"400\" src=\"https:\/\/www.europesays.com\/fr\/wp-content\/uploads\/2025\/04\/Abonnements-sans-pubs-Dicodusport-mobile.png\"\/><\/a><\/p>\n<p>RC Toulon : Halagahu et Sma\u00efli rempilent<\/p>\n<p style=\"text-align: justify;\"><strong>Toulon<\/strong> acc\u00e9l\u00e8re sur les prolongations. Lundi, le club varois annonc\u00e9 celle de <strong>Matthias Halagahu<\/strong>. Le deuxi\u00e8me ligne de 23 ans est devenu une pi\u00e8ce essentielle du pack toulonnais. Cette saison, il a pris part \u00e0 pas moins de 15 rencontres toutes comp\u00e9titions confondues, pour dix titularisations. Form\u00e9 au club, il a effectu\u00e9 ses d\u00e9buts professionnels en 2020. Il est d\u00e9sormais li\u00e9 au <strong>RCT<\/strong> jusqu\u2019en 2027.<\/p>\n<p style=\"text-align: justify;\">Derri\u00e8re, c\u2019est <strong>Mathieu Sma\u00efli<\/strong> qui a \u00e9t\u00e9 prolong\u00e9. L\u2019annonce a \u00e9t\u00e9 faite ce mardi. Le trois-quarts centre de 25 ans, lui aussi form\u00e9 au <strong>RCT<\/strong>, a sign\u00e9 un nouveau bail de deux saisons, portant jusqu\u2019au mois de juin 2027. Cette saison, le natif de Hy\u00e8res a disput\u00e9 six matchs de Top 14, pour un essai inscrit.<\/p>\n<p style=\"text-align: justify;\"><strong>L\u2019avis de Dicodusport<\/strong> <strong>: <\/strong>Malgr\u00e9 un recrutement ext\u00e9rieur toujours aussi pr\u00e9sent, le RCT reste attach\u00e9 \u00e0 ses minots. Halagahu et Sma\u00efli sont devenus des valeurs s\u00fbres de l\u2019effectif varois, et leur prolongation \u00e9tait dans les tuyaux depuis un moment. Une bonne pour chose pour un club toulonnais en qu\u00eate constante de stabilit\u00e9.<\/p>\n","protected":false},"excerpt":{"rendered":"TRANSFERTS RUGBY \u2013 Huw Jones et d\u2019autres joueurs \u00e9cossais ont des touches en France, Dan Lancaster pourrait quitter&hellip;\n","protected":false},"author":2,"featured_media":31517,"comment_status":"","ping_status":"","sticky":false,"template":"","format":"standard","meta":{"footnotes":""},"categories":[9619],"tags":[1111,11,2113,1109,1777,674,1011,27,2114,12,882,25,479,2115,2310,477],"class_list":{"0":"post-31516","1":"post","2":"type-post","3":"status-publish","4":"format-standard","5":"has-post-thumbnail","7":"category-toulon","8":"tag-actu","9":"tag-actualites","10":"tag-breve","11":"tag-breves","12":"tag-eu","13":"tag-europe","14":"tag-fr","15":"tag-france","16":"tag-mercato-rugby","17":"tag-news","18":"tag-provence-alpes-cote-dazur","19":"tag-republique-francaise","20":"tag-rugby","21":"tag-rugby-a-xv","22":"tag-toulon","23":"tag-transferts-rugby"},"share_on_mastodon":{"url":"https:\/\/pubeurope.com\/@fr\/114352989494504118","error":""},"_links":{"self":[{"href":"https:\/\/www.europesays.com\/fr\/wp-json\/wp\/v2\/posts\/31516","targetHints":{"allow":["GET"]}}],"collection":[{"href":"https:\/\/www.europesays.com\/fr\/wp-json\/wp\/v2\/posts"}],"about":[{"href":"https:\/\/www.europesays.com\/fr\/wp-json\/wp\/v2\/types\/post"}],"author":[{"embeddable":true,"href":"https:\/\/www.europesays.com\/fr\/wp-json\/wp\/v2\/users\/2"}],"replies":[{"embeddable":true,"href":"https:\/\/www.europesays.com\/fr\/wp-json\/wp\/v2\/comments?post=31516"}],"version-history":[{"count":0,"href":"https:\/\/www.europesays.com\/fr\/wp-json\/wp\/v2\/posts\/31516\/revisions"}],"wp:featuredmedia":[{"embeddable":true,"href":"https:\/\/www.europesays.com\/fr\/wp-json\/wp\/v2\/media\/31517"}],"wp:attachment":[{"href":"https:\/\/www.europesays.com\/fr\/wp-json\/wp\/v2\/media?parent=31516"}],"wp:term":[{"taxonomy":"category","embeddable":true,"href":"https:\/\/www.europesays.com\/fr\/wp-json\/wp\/v2\/categories?post=31516"},{"taxonomy":"post_tag","embeddable":true,"href":"https:\/\/www.europesays.com\/fr\/wp-json\/wp\/v2\/tags?post=31516"}],"curies":[{"name":"wp","href":"https:\/\/api.w.org\/{rel}","templated":true}]}}