{"id":315162,"date":"2025-08-13T01:07:13","date_gmt":"2025-08-13T01:07:13","guid":{"rendered":"https:\/\/www.europesays.com\/fr\/315162\/"},"modified":"2025-08-13T01:07:13","modified_gmt":"2025-08-13T01:07:13","slug":"allemagne-royaume-uni-france-les-etats-unis-deplorent-la-deterioration-des-droits-humains-en-europe","status":"publish","type":"post","link":"https:\/\/www.europesays.com\/fr\/315162\/","title":{"rendered":"Allemagne, Royaume-Uni, France\u2026 les Etats-Unis d\u00e9plorent la \u00ab\u00a0d\u00e9t\u00e9rioration\u00a0\u00bb des droits humains en Europe"},"content":{"rendered":"<p>  \tLes \u00c9tats-Unis tirent la sonnette d\u2019alarme dans leur rapport annuel en pointant une \u00ab\u00a0d\u00e9t\u00e9rioration\u00a0\u00bb des droits humains en Europe, notamment en Allemagne, au Royaume-Uni et en France, avec des atteintes pr\u00e9occupantes \u00e0 la libert\u00e9 d\u2019expression.<\/p>\n<p>Les Etats-Unis d\u00e9plorent la \u00ab\u00a0d\u00e9t\u00e9rioration\u00a0\u00bb de la situation des droits humains dans de nombreux pays en Europe visant notamment la libert\u00e9 d\u2019expression, selon un rapport annuel du d\u00e9partement d\u2019Etat rendu public mardi.<\/p>\n<p>En Allemagne, au Royaume-Uni ou en France, le d\u00e9partement d\u2019Etat souligne que \u00ab\u00a0la situation des droits humains s\u2019est d\u00e9t\u00e9rior\u00e9e au cours de l\u2019ann\u00e9e\u00a0\u00bb pass\u00e9e, selon ce rapport sur les droits humains dans le monde qui est cens\u00e9 refl\u00e9ter les nouvelles priorit\u00e9s de politique \u00e9trang\u00e8re du pr\u00e9sident am\u00e9ricain Donald Trump.<\/p>\n<p>&#13;<br \/>\n&#13;<\/p>\n<p>&#13;<br \/>\n&#13;<\/p>\n<p>S\u2019agissant de la France, le rapport cible notamment \u00ab\u00a0des informations cr\u00e9dibles faisant \u00e9tat de restrictions graves \u00e0 la libert\u00e9 d\u2019expression\u00a0\u00bb. Il y d\u00e9nonce \u00e9galement une recrudescence des actes d\u2019antis\u00e9mitisme.<\/p>\n<p>Au Royaume-Uni, Washington s\u2019inqui\u00e8te d\u2019une nouvelle loi sur la s\u00e9curit\u00e9 en ligne, qui doit servir \u00e0 mieux prot\u00e9ger les enfants, qui avait suscit\u00e9 les vives critiques du r\u00e9seau social X d\u2019Elon Musk.<\/p>\n<p>Un haut responsable am\u00e9ricain avait indiqu\u00e9 la semaine derni\u00e8re, sous le couvert de l\u2019anonymat, que le gouvernement am\u00e9ricain entendait avoir des \u00ab\u00a0discussions franches avec nos partenaires et alli\u00e9s sur ce que nous consid\u00e9rons comme de la censure ou d\u00e9favorisant certaines voix, qu\u2019elles soient politiques ou religieuses\u00a0\u00bb.<\/p>\n<p>&#13;<br \/>\n&#13;<\/p>\n<p>&#13;<br \/>\n&#13;<\/p>\n","protected":false},"excerpt":{"rendered":"Les \u00c9tats-Unis tirent la sonnette d\u2019alarme dans leur rapport annuel en pointant une \u00ab\u00a0d\u00e9t\u00e9rioration\u00a0\u00bb des droits humains en&hellip;\n","protected":false},"author":2,"featured_media":315163,"comment_status":"","ping_status":"","sticky":false,"template":"","format":"standard","meta":{"footnotes":""},"categories":[1587],"tags":[29950,11,672,1804,1805,1803,1777,674,1801,12,1802],"class_list":{"0":"post-315162","1":"post","2":"type-post","3":"status-publish","4":"format-standard","5":"has-post-thumbnail","7":"category-allemagne","8":"tag-nodefield_freetags","9":"tag-actualites","10":"tag-allemagne","11":"tag-bundesrepublik-deutschland","12":"tag-de","13":"tag-deutschland","14":"tag-eu","15":"tag-europe","16":"tag-germany","17":"tag-news","18":"tag-republique-federale-dallemagne"},"share_on_mastodon":{"url":"https:\/\/pubeurope.com\/@fr\/115018782743556629","error":""},"_links":{"self":[{"href":"https:\/\/www.europesays.com\/fr\/wp-json\/wp\/v2\/posts\/315162","targetHints":{"allow":["GET"]}}],"collection":[{"href":"https:\/\/www.europesays.com\/fr\/wp-json\/wp\/v2\/posts"}],"about":[{"href":"https:\/\/www.europesays.com\/fr\/wp-json\/wp\/v2\/types\/post"}],"author":[{"embeddable":true,"href":"https:\/\/www.europesays.com\/fr\/wp-json\/wp\/v2\/users\/2"}],"replies":[{"embeddable":true,"href":"https:\/\/www.europesays.com\/fr\/wp-json\/wp\/v2\/comments?post=315162"}],"version-history":[{"count":0,"href":"https:\/\/www.europesays.com\/fr\/wp-json\/wp\/v2\/posts\/315162\/revisions"}],"wp:featuredmedia":[{"embeddable":true,"href":"https:\/\/www.europesays.com\/fr\/wp-json\/wp\/v2\/media\/315163"}],"wp:attachment":[{"href":"https:\/\/www.europesays.com\/fr\/wp-json\/wp\/v2\/media?parent=315162"}],"wp:term":[{"taxonomy":"category","embeddable":true,"href":"https:\/\/www.europesays.com\/fr\/wp-json\/wp\/v2\/categories?post=315162"},{"taxonomy":"post_tag","embeddable":true,"href":"https:\/\/www.europesays.com\/fr\/wp-json\/wp\/v2\/tags?post=315162"}],"curies":[{"name":"wp","href":"https:\/\/api.w.org\/{rel}","templated":true}]}}