{"id":315169,"date":"2025-08-13T01:11:19","date_gmt":"2025-08-13T01:11:19","guid":{"rendered":"https:\/\/www.europesays.com\/fr\/315169\/"},"modified":"2025-08-13T01:11:19","modified_gmt":"2025-08-13T01:11:19","slug":"rappel-massif-de-fromages-un-lien-possible-avec-21-cas-de-listeriose-dont-deux-morts-selon-les-autorites","status":"publish","type":"post","link":"https:\/\/www.europesays.com\/fr\/315169\/","title":{"rendered":"Rappel massif de fromages : un \u00ab\u00a0lien possible\u00a0\u00bb avec 21 cas de list\u00e9riose dont deux morts, selon les autorit\u00e9s"},"content":{"rendered":"<p>Les autorit\u00e9s sanitaires ont identifi\u00e9 21 cas de list\u00e9riose, dont deux d\u00e9c\u00e8s, qui pourraient pr\u00e9senter un \u00ab lien possible \u00bb avec la consommation de fromages au lait pasteuris\u00e9 de la fromagerie Chavegrand,<a href=\"https:\/\/www.letelegramme.fr\/france\/contamination-a-la-bacterie-listeria-plus-de-40-lots-de-fromages-rappeles-en-france-6870360.php\" target=\"_blank\" rel=\"noopener\"> ayant fait l\u2019objet d\u2019un rappel<\/a>, selon un communiqu\u00e9 diffus\u00e9 mardi par Sant\u00e9 publique France et le minist\u00e8re de l\u2019Agriculture.<\/p>\n<p>\u00ab Les investigations men\u00e9es par Sant\u00e9 Publique France (\u2026) ont conduit \u00e0 identifier d\u00e9but ao\u00fbt des \u00e9l\u00e9ments \u00e9pid\u00e9miologiques et microbiologiques convergents, \u00e9tablissant un lien possible entre ces \u00bb 21 \u00ab cas de list\u00e9riose \u00bb, dont 18 depuis juin, \u00ab et la consommation de fromages au lait pasteuris\u00e9 produits par la soci\u00e9t\u00e9 Chavegrand \u00bb, indique le communiqu\u00e9.<\/p>\n","protected":false},"excerpt":{"rendered":"Les autorit\u00e9s sanitaires ont identifi\u00e9 21 cas de list\u00e9riose, dont deux d\u00e9c\u00e8s, qui pourraient pr\u00e9senter un \u00ab lien&hellip;\n","protected":false},"author":2,"featured_media":315170,"comment_status":"","ping_status":"","sticky":false,"template":"","format":"standard","meta":{"footnotes":""},"categories":[2],"tags":[11,5825,33,765,1011,27,12,25],"class_list":{"0":"post-315169","1":"post","2":"type-post","3":"status-publish","4":"format-standard","5":"has-post-thumbnail","7":"category-actualites","8":"tag-actualites","9":"tag-agroalimentaire","10":"tag-economie","11":"tag-en-continu","12":"tag-fr","13":"tag-france","14":"tag-news","15":"tag-republique-francaise"},"share_on_mastodon":{"url":"https:\/\/pubeurope.com\/@fr\/115018798833792392","error":""},"_links":{"self":[{"href":"https:\/\/www.europesays.com\/fr\/wp-json\/wp\/v2\/posts\/315169","targetHints":{"allow":["GET"]}}],"collection":[{"href":"https:\/\/www.europesays.com\/fr\/wp-json\/wp\/v2\/posts"}],"about":[{"href":"https:\/\/www.europesays.com\/fr\/wp-json\/wp\/v2\/types\/post"}],"author":[{"embeddable":true,"href":"https:\/\/www.europesays.com\/fr\/wp-json\/wp\/v2\/users\/2"}],"replies":[{"embeddable":true,"href":"https:\/\/www.europesays.com\/fr\/wp-json\/wp\/v2\/comments?post=315169"}],"version-history":[{"count":0,"href":"https:\/\/www.europesays.com\/fr\/wp-json\/wp\/v2\/posts\/315169\/revisions"}],"wp:featuredmedia":[{"embeddable":true,"href":"https:\/\/www.europesays.com\/fr\/wp-json\/wp\/v2\/media\/315170"}],"wp:attachment":[{"href":"https:\/\/www.europesays.com\/fr\/wp-json\/wp\/v2\/media?parent=315169"}],"wp:term":[{"taxonomy":"category","embeddable":true,"href":"https:\/\/www.europesays.com\/fr\/wp-json\/wp\/v2\/categories?post=315169"},{"taxonomy":"post_tag","embeddable":true,"href":"https:\/\/www.europesays.com\/fr\/wp-json\/wp\/v2\/tags?post=315169"}],"curies":[{"name":"wp","href":"https:\/\/api.w.org\/{rel}","templated":true}]}}