{"id":315171,"date":"2025-08-13T01:12:13","date_gmt":"2025-08-13T01:12:13","guid":{"rendered":"https:\/\/www.europesays.com\/fr\/315171\/"},"modified":"2025-08-13T01:12:13","modified_gmt":"2025-08-13T01:12:13","slug":"macron-reconnait-la-guerre-menee-par-la-france-pendant-la-decolonisation-2","status":"publish","type":"post","link":"https:\/\/www.europesays.com\/fr\/315171\/","title":{"rendered":"Macron reconna\u00eet la \u00ab\u00a0guerre\u00a0\u00bb men\u00e9e par la France pendant la d\u00e9colonisation"},"content":{"rendered":"<p>Pour la premi\u00e8re fois, un pr\u00e9sident fran\u00e7ais a reconnu que la <a href=\"https:\/\/www.20minutes.fr\/france\/\" class=\"color-ultramarine c-link\" rel=\"nofollow noopener\" target=\"_blank\">France<\/a> a men\u00e9 \u00ab\u00a0une <a href=\"https:\/\/www.20minutes.fr\/dossier\/guerre\" target=\"_blank\" class=\"color-ultramarine c-link\" rel=\"nofollow noopener\">guerre<\/a>\u00a0\u00bb au <a href=\"https:\/\/www.20minutes.fr\/dossier\/cameroun\" target=\"_blank\" class=\"color-ultramarine c-link\" rel=\"nofollow noopener\">Cameroun<\/a> contre les mouvements insurrectionnels, avant et apr\u00e8s l\u2019ind\u00e9pendance de\u00a01960. Emmanuel Macron acte ainsi un tournant historique dans la m\u00e9moire <a href=\"https:\/\/www.20minutes.fr\/monde\/colonisation\/\" target=\"_blank\" class=\"color-ultramarine c-link\" rel=\"nofollow noopener\">coloniale<\/a> fran\u00e7aise, en assumant \u00ab\u00a0le r\u00f4le et la responsabilit\u00e9 de la France dans ces \u00e9v\u00e9nements\u00a0\u00bb.<\/p>\n<p>Dans une lettre adress\u00e9e \u00e0 son homologue camerounais Paul Biya et rendue publique mardi, le chef de l\u2019Etat endosse les conclusions d\u2019un rapport d\u2019historiens remis en janvier. Ce document met en \u00e9vidence qu\u2019\u00ab\u00a0une guerre avait eu lieu au Cameroun, au cours de laquelle les autorit\u00e9s coloniales et l\u2019<a href=\"https:\/\/www.20minutes.fr\/dossier\/armee-francaise\" target=\"_blank\" class=\"color-ultramarine c-link\" rel=\"nofollow noopener\">arm\u00e9e fran\u00e7aise<\/a> ont exerc\u00e9 des <a href=\"https:\/\/www.20minutes.fr\/monde\/violences\/\" target=\"_blank\" class=\"color-ultramarine c-link\" rel=\"nofollow noopener\">violences<\/a> r\u00e9pressives de nature multiple\u00a0\u00bb. Le pr\u00e9sident fran\u00e7ais souligne que ce conflit s\u2019est poursuivi \u00ab\u00a0au-del\u00e0 de\u00a01960 avec l\u2019appui de la France aux actions men\u00e9es par les autorit\u00e9s camerounaises ind\u00e9pendantes\u00a0\u00bb.<\/p>\n<p>La finalit\u00e9 de travaux engag\u00e9s en\u00a02022<\/p>\n<p>Cette reconnaissance s\u2019inscrit dans la continuit\u00e9 des travaux engag\u00e9s en\u00a02022, lorsque Emmanuel Macron avait annonc\u00e9 \u00e0 Yaound\u00e9 la cr\u00e9ation d\u2019une commission mixte franco-camerounaise. Copr\u00e9sid\u00e9e par l\u2019historienne Karine Ramondy, elle a travaill\u00e9 sur la p\u00e9riode 1945-1971, dans la lign\u00e9e d\u2019autres rapports sur le <a href=\"https:\/\/www.20minutes.fr\/monde\/rwanda\/\" target=\"_blank\" class=\"color-ultramarine c-link\" rel=\"nofollow noopener\">Rwanda<\/a> et l\u2019<a href=\"https:\/\/www.20minutes.fr\/dossier\/algerie\" target=\"_blank\" class=\"color-ultramarine c-link\" rel=\"nofollow noopener\">Alg\u00e9rie<\/a>.<\/p>\n<\/p>\n<p>Le rapport, long de plus de mille pages, retrace le glissement d\u2019une r\u00e9pression coloniale vers un v\u00e9ritable <a href=\"https:\/\/www.20minutes.fr\/monde\/conflit\/\" target=\"_blank\" class=\"color-ultramarine c-link\" rel=\"nofollow noopener\">conflit<\/a> arm\u00e9 entre\u00a01956 et\u00a01961. Les chercheurs estiment que cette guerre a caus\u00e9 \u00ab\u00a0des dizaines de milliers de victimes\u00a0\u00bb. L\u2019\u00e9tude souligne que l\u2019<a href=\"https:\/\/www.20minutes.fr\/monde\/independance\/\" target=\"_blank\" class=\"color-ultramarine c-link\" rel=\"nofollow noopener\">ind\u00e9pendance<\/a> de janvier\u00a01960 \u00ab\u00a0ne constitue absolument pas une rupture nette\u00a0\u00bb avec la colonisation. Le pr\u00e9sident Ahmadou Ahidjo, alors soutenu par la France, avait instaur\u00e9 \u00ab\u00a0un r\u00e9gime autocratique et autoritaire\u00a0\u00bb, avec l\u2019aval d\u2019administrateurs fran\u00e7ais.<\/p>\n<p>\u00ab\u00a0Continuer \u00e0 b\u00e2tir l\u2019avenir ensemble\u00a0\u00bb<\/p>\n<p>Parmi les \u00e9pisodes mentionn\u00e9s figurent le <a href=\"https:\/\/www.20minutes.fr\/monde\/massacre\/\" target=\"_blank\" class=\"color-ultramarine c-link\" rel=\"nofollow noopener\">massacre<\/a> d\u2019Ekit\u00e9, le 31\u00a0d\u00e9cembre 1956, et la mort de figures ind\u00e9pendantistes sous commandement fran\u00e7ais\u00a0: Isaac Nyob\u00e8 Pandjock, Ruben Um Nyob\u00e8, Paul Momo et J\u00e9r\u00e9mie Nd\u00e9l\u00e9n\u00e9. Sur l\u2019<a href=\"https:\/\/www.20minutes.fr\/dossier\/assassinat\" target=\"_blank\" class=\"color-ultramarine c-link\" rel=\"nofollow noopener\">assassinat<\/a> de F\u00e9lix-Roland Moumi\u00e9 \u00e0 Gen\u00e8ve en\u00a01960, Emmanuel Macron souligne toutefois \u00ab\u00a0l\u2019absence d\u2019\u00e9l\u00e9ments suffisants\u00a0\u00bb dans les archives fran\u00e7aises pour \u00e9tablir des responsabilit\u00e9s.<\/p>\n<p><a href=\"https:\/\/www.20minutes.fr\/politique\/emmanuel-macron\/\" target=\"_blank\" class=\"c-link c-btn c-btn--primary\" rel=\"nofollow noopener\">Tous nos articles sur Emmanuel Macron<\/a><\/p>\n<p>Le pr\u00e9sident fran\u00e7ais propose la cr\u00e9ation d\u2019un groupe de travail bilat\u00e9ral et s\u2019engage \u00e0 faciliter l\u2019acc\u00e8s aux archives. \u00ab\u00a0Ces recherches vont nous permettre de continuer \u00e0 b\u00e2tir l\u2019avenir ensemble et de renforcer la relation \u00e9troite qui unit la France et le Cameroun\u00a0\u00bb, affirme-t-il.<\/p>\n","protected":false},"excerpt":{"rendered":"Pour la premi\u00e8re fois, un pr\u00e9sident fran\u00e7ais a reconnu que la France a men\u00e9 \u00ab\u00a0une guerre\u00a0\u00bb au Cameroun&hellip;\n","protected":false},"author":2,"featured_media":315172,"comment_status":"","ping_status":"","sticky":false,"template":"","format":"standard","meta":{"footnotes":""},"categories":[4],"tags":[47,11,23615,45410,2120,1073,1011,27,36464,12,316,25,104],"class_list":{"0":"post-315171","1":"post","2":"type-post","3":"status-publish","4":"format-standard","5":"has-post-thumbnail","7":"category-france","8":"tag-actualite","9":"tag-actualites","10":"tag-cameroun","11":"tag-colonisation","12":"tag-conflit","13":"tag-emmanuel-macron","14":"tag-fr","15":"tag-france","16":"tag-independance","17":"tag-news","18":"tag-politique","19":"tag-republique-francaise","20":"tag-societe"},"share_on_mastodon":{"url":"https:\/\/pubeurope.com\/@fr\/115018802341992862","error":""},"_links":{"self":[{"href":"https:\/\/www.europesays.com\/fr\/wp-json\/wp\/v2\/posts\/315171","targetHints":{"allow":["GET"]}}],"collection":[{"href":"https:\/\/www.europesays.com\/fr\/wp-json\/wp\/v2\/posts"}],"about":[{"href":"https:\/\/www.europesays.com\/fr\/wp-json\/wp\/v2\/types\/post"}],"author":[{"embeddable":true,"href":"https:\/\/www.europesays.com\/fr\/wp-json\/wp\/v2\/users\/2"}],"replies":[{"embeddable":true,"href":"https:\/\/www.europesays.com\/fr\/wp-json\/wp\/v2\/comments?post=315171"}],"version-history":[{"count":0,"href":"https:\/\/www.europesays.com\/fr\/wp-json\/wp\/v2\/posts\/315171\/revisions"}],"wp:featuredmedia":[{"embeddable":true,"href":"https:\/\/www.europesays.com\/fr\/wp-json\/wp\/v2\/media\/315172"}],"wp:attachment":[{"href":"https:\/\/www.europesays.com\/fr\/wp-json\/wp\/v2\/media?parent=315171"}],"wp:term":[{"taxonomy":"category","embeddable":true,"href":"https:\/\/www.europesays.com\/fr\/wp-json\/wp\/v2\/categories?post=315171"},{"taxonomy":"post_tag","embeddable":true,"href":"https:\/\/www.europesays.com\/fr\/wp-json\/wp\/v2\/tags?post=315171"}],"curies":[{"name":"wp","href":"https:\/\/api.w.org\/{rel}","templated":true}]}}