{"id":315173,"date":"2025-08-13T01:14:13","date_gmt":"2025-08-13T01:14:13","guid":{"rendered":"https:\/\/www.europesays.com\/fr\/315173\/"},"modified":"2025-08-13T01:14:13","modified_gmt":"2025-08-13T01:14:13","slug":"les-volleyeurs-suisses-font-face-a-leur-destin-rts-ch","status":"publish","type":"post","link":"https:\/\/www.europesays.com\/fr\/315173\/","title":{"rendered":"Les volleyeurs suisses font face \u00e0 leur destin &#8211; rts.ch"},"content":{"rendered":"<p>Apr\u00e8s la qualification manqu\u00e9e des dames, les volleyeurs suisses veulent faire mieux et obtenir cette semaine leur billet pour l&rsquo;Euro 2026. La situation actuelle est favorable, alors que la moiti\u00e9 des matches ont \u00e9t\u00e9 disput\u00e9s.<\/p>\n<p>Avec deux victoires serr\u00e9es 3-2 contre l&rsquo;Espagne et la Su\u00e8de il y a 1 an, l&rsquo;\u00e9quipe de l&rsquo;entra\u00eeneur national Juan Manuel Serramalera a acquis une solide position dans le groupe E des qualifications pour l&rsquo;Euro, avec 5 victoires sur les 6 matches disput\u00e9s jusqu&rsquo;ici. Pour atteindre la phase finale de 2026, la s\u00e9lection suisse doit terminer en t\u00eate du groupe ou se classer parmi les cinq meilleurs 2es.<\/p>\n<p>A mi-parcours dans cette phase de qualification, les Suisses occupent la 1re place, \u00e0 \u00e9galit\u00e9 de points avec la Su\u00e8de, avec un l\u00e9ger avantage gr\u00e2ce au duel direct remport\u00e9. Ils ne peuvent toutefois pas se permettre un faux pas lors des matches retour. Il est donc important de marquer des points, aussi bien mercredi \u00e0 Alicante contre l&rsquo;Espagne (\u00e0 suivre d\u00e8s 20h50 sur RTS 2) que samedi \u00e0 Winterthour contre la Su\u00e8de (\u00e0 suivre d\u00e8s 17h00 sur RTS 2).<\/p>\n<p>Pour l&rsquo;\u00e9quipe de Suisse masculine, ce ne serait que la deuxi\u00e8me fois, apr\u00e8s une premi\u00e8re r\u00e9ussite en 2023, qu&rsquo;elle parviendrait \u00e0 se qualifier sportivement pour la phase finale de l&rsquo;Euro.<\/p>\n<p class=\"sources\">ats\/pza<\/p>\n","protected":false},"excerpt":{"rendered":"Apr\u00e8s la qualification manqu\u00e9e des dames, les volleyeurs suisses veulent faire mieux et obtenir cette semaine leur billet&hellip;\n","protected":false},"author":2,"featured_media":315174,"comment_status":"","ping_status":"","sticky":false,"template":"","format":"standard","meta":{"footnotes":""},"categories":[1417],"tags":[3062,44967,29369,14306,45411,123,1011,27,13785,45412,517,60,3067,1264,1470,1632,1469],"class_list":{"0":"post-315173","1":"post","2":"type-post","3":"status-publish","4":"format-standard","5":"has-post-thumbnail","7":"category-volley","8":"tag-autres-sports","9":"tag-championnat-deurope-de-football","10":"tag-competition-de-qualification","11":"tag-competition-sportive","12":"tag-entraineur-sportif","13":"tag-espagne","14":"tag-fr","15":"tag-france","16":"tag-juan-manuel-serramalera","17":"tag-liechtenstein","18":"tag-sport","19":"tag-sports","20":"tag-suisse","21":"tag-victoire","22":"tag-volley","23":"tag-volley-ball","24":"tag-volleyball"},"share_on_mastodon":{"url":"https:\/\/pubeurope.com\/@fr\/115018810379650661","error":""},"_links":{"self":[{"href":"https:\/\/www.europesays.com\/fr\/wp-json\/wp\/v2\/posts\/315173","targetHints":{"allow":["GET"]}}],"collection":[{"href":"https:\/\/www.europesays.com\/fr\/wp-json\/wp\/v2\/posts"}],"about":[{"href":"https:\/\/www.europesays.com\/fr\/wp-json\/wp\/v2\/types\/post"}],"author":[{"embeddable":true,"href":"https:\/\/www.europesays.com\/fr\/wp-json\/wp\/v2\/users\/2"}],"replies":[{"embeddable":true,"href":"https:\/\/www.europesays.com\/fr\/wp-json\/wp\/v2\/comments?post=315173"}],"version-history":[{"count":0,"href":"https:\/\/www.europesays.com\/fr\/wp-json\/wp\/v2\/posts\/315173\/revisions"}],"wp:featuredmedia":[{"embeddable":true,"href":"https:\/\/www.europesays.com\/fr\/wp-json\/wp\/v2\/media\/315174"}],"wp:attachment":[{"href":"https:\/\/www.europesays.com\/fr\/wp-json\/wp\/v2\/media?parent=315173"}],"wp:term":[{"taxonomy":"category","embeddable":true,"href":"https:\/\/www.europesays.com\/fr\/wp-json\/wp\/v2\/categories?post=315173"},{"taxonomy":"post_tag","embeddable":true,"href":"https:\/\/www.europesays.com\/fr\/wp-json\/wp\/v2\/tags?post=315173"}],"curies":[{"name":"wp","href":"https:\/\/api.w.org\/{rel}","templated":true}]}}