{"id":315178,"date":"2025-08-13T01:18:19","date_gmt":"2025-08-13T01:18:19","guid":{"rendered":"https:\/\/www.europesays.com\/fr\/315178\/"},"modified":"2025-08-13T01:18:19","modified_gmt":"2025-08-13T01:18:19","slug":"franco-morbidelli-de-retour-sur-sa-ducati-au-red-bull-ring","status":"publish","type":"post","link":"https:\/\/www.europesays.com\/fr\/315178\/","title":{"rendered":"Franco Morbidelli de retour sur sa Ducati au Red Bull Ring"},"content":{"rendered":"<p><a href=\"https:\/\/fr.motorsport.com\/driver\/franco-morbidelli\/109417\/\" target=\"_blank\" rel=\"noopener\">Franco Morbidelli<\/a> a d\u00fb faire l&rsquo;impasse sur la course principale du Sachsenring et sur l&rsquo;int\u00e9gralit\u00e9 du Grand Prix de R\u00e9publique tch\u00e8que, apr\u00e8s une chute lors du sprint en Allemagne. L&rsquo;Italien <a href=\"https:\/\/fr.motorsport.com\/motogp\/news\/franco-morbidelli-forfait-gp-republique-tcheque\/10742647\/\" target=\"_blank\" rel=\"noopener\">souffrait de l&rsquo;\u00e9paule gauche<\/a>, m\u00eame si aucune fracture n&rsquo;a \u00e9t\u00e9 d\u00e9tect\u00e9e.<\/p>\n<p>Morbidelli est rest\u00e9 tr\u00e8s actif ces derni\u00e8res semaines, en faisant le d\u00e9placement \u00e0 Brno m\u00eame s&rsquo;il ne roulait pas, comme il l&rsquo;avait fait quand il \u00e9tait bless\u00e9 chez Pramac l&rsquo;an pass\u00e9, et en travaillant sur sa convalescence. Il a pu mesurer sa condition en prenant part \u00e0 deux tests sur la Ducati Panigale V4, au Balaton Park, o\u00f9 \u00e9taient <a href=\"https:\/\/fr.motorsport.com\/motogp\/news\/balaton-park-impressions-pilotes-ducati-unique-inhabituel\/10748845\/\" target=\"_blank\" rel=\"noopener\">r\u00e9unis tous les pilotes de la marque<\/a>, ainsi qu&rsquo;\u00e0 Misano.<\/p>\n<p>La pause estivale a visiblement profit\u00e9 au pilote VR46, qui fera son retour \u00e0 la comp\u00e9tition ce week-end \u00e0 Spielberg. \u00ab\u00a0Je veux vraiment remonter sur la MotoGP\u00a0\u00bb, s&rsquo;enthousiasme Morbidelli. \u00ab\u00a0Apr\u00e8s la blessure, je me suis entra\u00een\u00e9 sur la Ducati Panigale en Hongrie et \u00e0 Misano.\u00a0\u00bb<\/p>\n<p>\u00ab\u00a0Au Balaton, cela s&rsquo;est bien pass\u00e9, je n&rsquo;avais pas trop de douleur, et nous nous sommes bien adapt\u00e9s \u00e0 la nouvelle piste. C&rsquo;\u00e9tait une journ\u00e9e positive et \u00e7a nous a apport\u00e9 un bon boost d&rsquo;\u00e9nergie pour poursuivre notre convalescence et la pr\u00e9paration pour la seconde moiti\u00e9 du championnat.\u00a0\u00bb<\/p>\n<p>   <img decoding=\"async\" draggable=\"false\" src=\"https:\/\/www.europesays.com\/fr\/wp-content\/uploads\/2025\/08\/franco-morbidelli-vr46-racing-.jpg\" alt=\"La chute de Franco Morbidelli, VR46 Racing Team\" width=\"1200\" height=\"800\" loading=\"lazy\"\/> <\/p>\n<p class=\"title\">La chute de Franco Morbidelli au Sachsenring<\/p>\n<p class=\"photographer\">Photo de: Gold and Goose Photography \/ LAT Images \/ via Getty Images<\/p>\n<p>\u00ab\u00a0La Desmosedici GP est une autre chose, nous verrons comment je me sens en Autriche, nous essaierons de progresser petit \u00e0 petit. Nous allons tout aborder sous le bon angle pour essayer de faire le meilleur travail possible. Je suis impatient de reprendre le travail avec l&rsquo;\u00e9quipe et de faire ce que nous aimons, donner notre maximum tous les week-ends.\u00a0\u00bb<\/p>\n<p><a href=\"https:\/\/fr.motorsport.com\/driver\/maverick-vinales\/96553\/\" target=\"_blank\" rel=\"noopener\">Maverick Vi\u00f1ales<\/a>, touch\u00e9 par une fracture \u00e0 l&rsquo;\u00e9paule gauche apr\u00e8s une chute au Sachsenring, pr\u00e9voit \u00e9galement de faire son retour ce week-end. De son c\u00f4t\u00e9, <a href=\"https:\/\/fr.motorsport.com\/driver\/somkiat-chantra\/823104\/\" target=\"_blank\" rel=\"noopener\">Somkiat Chantra<\/a>, bless\u00e9 \u00e0 un ligament du genou droit en raison d&rsquo;une chute en motocross, a manqu\u00e9 les deux derniers week-ends de course et ne sera pas apte \u00e0 faire son retour au GP d&rsquo;Autriche.<\/p>\n<p>Honda et LCR peinent \u00e0 trouver un rempla\u00e7ant puisque <a href=\"https:\/\/fr.motorsport.com\/driver\/takaaki-nakagami\/109418\/\" target=\"_blank\" rel=\"noopener\">Takaaki Nakagami<\/a>, qui a pris sa place \u00e0 Brno, <a href=\"https:\/\/fr.motorsport.com\/motogp\/news\/nakagami-blesse-genou-accident-fernandez\/10743458\/\" target=\"_blank\" rel=\"noopener\">s&rsquo;est bless\u00e9 \u00e0 son tour<\/a>, tout comme <a href=\"https:\/\/fr.motorsport.com\/driver\/iker-lecuona\/442192\/\" target=\"_blank\" rel=\"noopener\">Iker Lecuona<\/a>, qui devait \u00eatre <a href=\"https:\/\/fr.motorsport.com\/motogp\/news\/lecuona-blesse-xavi-vierge-remplacer-8h-suzuka\/10745755\/\" target=\"_blank\" rel=\"noopener\">align\u00e9 \u00e0 Spielberg<\/a>, et <a href=\"https:\/\/fr.motorsport.com\/driver\/aleix-espargaro\/90382\/\" target=\"_blank\" rel=\"noopener\">Aleix Espargar\u00f3<\/a>.\u00a0<a href=\"https:\/\/fr.motorsport.com\/driver\/stefan-bradl\/88379\/\" target=\"_blank\" rel=\"noopener\">Stefan Bradl<\/a>, habitu\u00e9 aux remplacements chez Honda ces derni\u00e8res ann\u00e9es, ne souhaite plus disputer des courses, et Honda pourrait donc faire appel \u00e0 <a href=\"https:\/\/fr.motorsport.com\/driver\/xavi-vierge\/314633\/\" target=\"_blank\" rel=\"noopener\">Xavi Vierge<\/a>, pilote de la marque en WorldSBK mais sans exp\u00e9rience du MotoGP.<\/p>\n<p>Lire aussi :<\/p>\n<p>Dans cet article<\/p>\n<p>Soyez le premier inform\u00e9 et souscrivez aux alertes mails pour recevoir les infos en temps r\u00e9el<\/p>\n<p>    S&rsquo;abonner aux alertes de news<\/p>\n","protected":false},"excerpt":{"rendered":"Franco Morbidelli a d\u00fb faire l&rsquo;impasse sur la course principale du Sachsenring et sur l&rsquo;int\u00e9gralit\u00e9 du Grand Prix&hellip;\n","protected":false},"author":2,"featured_media":315179,"comment_status":"","ping_status":"","sticky":false,"template":"","format":"standard","meta":{"footnotes":""},"categories":[1413],"tags":[1011,27,7985,45415,34489,1457,1456,1458,34490,60,7276],"class_list":{"0":"post-315178","1":"post","2":"type-post","3":"status-publish","4":"format-standard","5":"has-post-thumbnail","7":"category-moto","8":"tag-fr","9":"tag-france","10":"tag-franco-morbidelli","11":"tag-franco-morbidelli-de-retour-sur-sa-ducati-au-red-bull-ring","12":"tag-gp-dautriche","13":"tag-moto","14":"tag-motocycle","15":"tag-motogp","16":"tag-red-bull-ring","17":"tag-sports","18":"tag-team-vr46"},"share_on_mastodon":{"url":"https:\/\/pubeurope.com\/@fr\/115018826356649303","error":""},"_links":{"self":[{"href":"https:\/\/www.europesays.com\/fr\/wp-json\/wp\/v2\/posts\/315178","targetHints":{"allow":["GET"]}}],"collection":[{"href":"https:\/\/www.europesays.com\/fr\/wp-json\/wp\/v2\/posts"}],"about":[{"href":"https:\/\/www.europesays.com\/fr\/wp-json\/wp\/v2\/types\/post"}],"author":[{"embeddable":true,"href":"https:\/\/www.europesays.com\/fr\/wp-json\/wp\/v2\/users\/2"}],"replies":[{"embeddable":true,"href":"https:\/\/www.europesays.com\/fr\/wp-json\/wp\/v2\/comments?post=315178"}],"version-history":[{"count":0,"href":"https:\/\/www.europesays.com\/fr\/wp-json\/wp\/v2\/posts\/315178\/revisions"}],"wp:featuredmedia":[{"embeddable":true,"href":"https:\/\/www.europesays.com\/fr\/wp-json\/wp\/v2\/media\/315179"}],"wp:attachment":[{"href":"https:\/\/www.europesays.com\/fr\/wp-json\/wp\/v2\/media?parent=315178"}],"wp:term":[{"taxonomy":"category","embeddable":true,"href":"https:\/\/www.europesays.com\/fr\/wp-json\/wp\/v2\/categories?post=315178"},{"taxonomy":"post_tag","embeddable":true,"href":"https:\/\/www.europesays.com\/fr\/wp-json\/wp\/v2\/tags?post=315178"}],"curies":[{"name":"wp","href":"https:\/\/api.w.org\/{rel}","templated":true}]}}