{"id":315189,"date":"2025-08-13T01:24:49","date_gmt":"2025-08-13T01:24:49","guid":{"rendered":"https:\/\/www.europesays.com\/fr\/315189\/"},"modified":"2025-08-13T01:24:49","modified_gmt":"2025-08-13T01:24:49","slug":"a-angers-la-librairie-le-bibliovore-cherche-un-repreneur","status":"publish","type":"post","link":"https:\/\/www.europesays.com\/fr\/315189\/","title":{"rendered":"\u00c0 Angers, la librairie le Bibliovore cherche un repreneur"},"content":{"rendered":"<p>C\u2019est une page qui se tourne pour <strong>Sophie Baillif-Applincourt.<\/strong> \u00c0 la t\u00eate de la librairie d\u2019occasion le Bibliovore \u00e0 Angers\u00a0depuis sa cr\u00e9ation en 2021, la g\u00e9rante quittera ses fonctions en octobre prochain pour partir en cong\u00e9 maternit\u00e9. En qu\u00eate d\u2019un repreneur, les dirigeants du r\u00e9seau sp\u00e9cialis\u00e9 dans la vente de livres d\u2019occasion, <strong>Corentin et Val\u00e9rie Halley,<\/strong> conseillent au futur libraire d\u2019envisager un local plus spacieux afin de tirer pleinement parti du potentiel du magasin.<\/p>\n<p>\u00ab\u00a0Aussi adjointe \u00e0 la mairie d\u2019Angers, Sophie Baillif-Applincourt a fait le choix de ne pas reprendre la gestion du Bibliovore apr\u00e8s son cong\u00e9 maternit\u00e9\u00a0\u00bb, explique Corentin Halley \u00e0 Livres Hebdo. Une d\u00e9cision qui n\u2019a pas surpris les dirigeants du r\u00e9seau Le Bibliovore, ce concept bas\u00e9 sur la revente de livres soigneusement s\u00e9lectionn\u00e9s, puis propos\u00e9s \u00e0 3 euros l\u2019unit\u00e9 ou \u00e0 10 euros les quatre, et qui r\u00e9unit, aujourd\u2019hui, 12 librairies.<\/p>\n<p>Un repreneur de la licence de marque<\/p>\n<p>Les candidatures pour reprendre la librairie sont d\u2019ores et d\u00e9j\u00e0 ouvertes. Si la p\u00e9riode estivale reste relativement calme, cela ne semble pas inqui\u00e9ter Corentin et Val\u00e9rie Halley. \u00ab \u00c0 l\u2019origine, nous n\u2019avions pas pour ambition de d\u00e9velopper un r\u00e9seau. Bien-s\u00fbr, si une candidature s\u00e9rieuse se pr\u00e9sente, nous en serons ravis. Mais dans le cas contraire, nous n\u2019en serons pas d\u00e9sol\u00e9s non plus \u00bb, expliquent-ils.<\/p>\n<p>Mais qu\u2019adviendra-t-il du local et de l\u2019activit\u00e9 si aucun successeur ne se manifeste ? \u00ab\u00a0C\u2019est l\u00e0 o\u00f9 le montage financier du r\u00e9seau est judicieux. Si Sophie b\u00e9n\u00e9ficie de la licence de marque, la librairie reste juridiquement sa propre entreprise, qu\u2019elle a d\u2019ailleurs conserv\u00e9 en micro-entreprise\u00a0\u00bb, d\u00e9veloppe Corentin Halley, pr\u00e9cisant que les contrats de licence sont \u00e9tablis pour une dur\u00e9e de cinq ans.<\/p>\n<p>En d\u2019autres termes, le futur repreneur ne sera pas tenu de racheter une soci\u00e9t\u00e9 existante ni de conserver le local actuel et pourra tout \u00e0 fait d\u00e9velopper l\u2019activit\u00e9 sur un autre emplacement. D\u2019autant plus que le point de vente actuel, parmi les premiers du r\u00e9seau, reste assez exigu. C\u2019est pourquoi le couple Halley recommande vivement au futur gestionnaire d\u2019envisager un nouvel emplacement, \u00e0 l\u2019image de ce qu\u2019ont pu faire les responsables des Bibliovore d\u2019Orl\u00e9ans et de Poitiers, \u00ab\u00a0qui ont ainsi pu accueillir davantage de r\u00e9f\u00e9rences et offrir une meilleure circulation en magasin \u00bb.<\/p>\n","protected":false},"excerpt":{"rendered":"C\u2019est une page qui se tourne pour Sophie Baillif-Applincourt. \u00c0 la t\u00eate de la librairie d\u2019occasion le Bibliovore&hellip;\n","protected":false},"author":2,"featured_media":315190,"comment_status":"","ping_status":"","sticky":false,"template":"","format":"standard","meta":{"footnotes":""},"categories":[1357],"tags":[1379,58,59,1011,27,1380],"class_list":{"0":"post-315189","1":"post","2":"type-post","3":"status-publish","4":"format-standard","5":"has-post-thumbnail","7":"category-livres","8":"tag-books","9":"tag-divertissement","10":"tag-entertainment","11":"tag-fr","12":"tag-france","13":"tag-livres"},"share_on_mastodon":{"url":"https:\/\/pubeurope.com\/@fr\/115018853517733607","error":""},"_links":{"self":[{"href":"https:\/\/www.europesays.com\/fr\/wp-json\/wp\/v2\/posts\/315189","targetHints":{"allow":["GET"]}}],"collection":[{"href":"https:\/\/www.europesays.com\/fr\/wp-json\/wp\/v2\/posts"}],"about":[{"href":"https:\/\/www.europesays.com\/fr\/wp-json\/wp\/v2\/types\/post"}],"author":[{"embeddable":true,"href":"https:\/\/www.europesays.com\/fr\/wp-json\/wp\/v2\/users\/2"}],"replies":[{"embeddable":true,"href":"https:\/\/www.europesays.com\/fr\/wp-json\/wp\/v2\/comments?post=315189"}],"version-history":[{"count":0,"href":"https:\/\/www.europesays.com\/fr\/wp-json\/wp\/v2\/posts\/315189\/revisions"}],"wp:featuredmedia":[{"embeddable":true,"href":"https:\/\/www.europesays.com\/fr\/wp-json\/wp\/v2\/media\/315190"}],"wp:attachment":[{"href":"https:\/\/www.europesays.com\/fr\/wp-json\/wp\/v2\/media?parent=315189"}],"wp:term":[{"taxonomy":"category","embeddable":true,"href":"https:\/\/www.europesays.com\/fr\/wp-json\/wp\/v2\/categories?post=315189"},{"taxonomy":"post_tag","embeddable":true,"href":"https:\/\/www.europesays.com\/fr\/wp-json\/wp\/v2\/tags?post=315189"}],"curies":[{"name":"wp","href":"https:\/\/api.w.org\/{rel}","templated":true}]}}