{"id":315191,"date":"2025-08-13T01:25:25","date_gmt":"2025-08-13T01:25:25","guid":{"rendered":"https:\/\/www.europesays.com\/fr\/315191\/"},"modified":"2025-08-13T01:25:25","modified_gmt":"2025-08-13T01:25:25","slug":"pourquoi-enzo-rose-diego-avait-il-disparu-de-la-serie-de-tf1-on-a-la-reponse","status":"publish","type":"post","link":"https:\/\/www.europesays.com\/fr\/315191\/","title":{"rendered":"Pourquoi Enzo Rose (Diego) avait-il disparu de la s\u00e9rie de TF1 ? On a la r\u00e9ponse !"},"content":{"rendered":"<p>Apr\u00e8s un passage dans Un si grand soleil, Enzo Rose brille aujourd\u2019hui dans Demain nous appartient o\u00f9 il incarne Diego Lutti. Le jeune acteur a \u00e9t\u00e9 absent pendant plusieurs mois avant de signer un retour remarqu\u00e9 dans le feuilleton de TF1. On vous explique pourquoi il avait disparu.<\/p>\n<p><a href=\"https:\/\/www.programme-tv.net\/news\/series-tv\/327502-avant-demain-nous-appartient-enzo-rose-diego-a-joue-dans-dans-un-si-grand-soleil\/\" data-api-deeplink=\"teleloisirs:\/\/news\/327502\" rel=\"nofollow noopener\" target=\"_blank\">R\u00e9v\u00e9l\u00e9 dans Un si grand soleil sur France 2,<b> Enzo Rose<\/b><\/a> s\u2019est impos\u00e9 dans plusieurs fictions t\u00e9l\u00e9vis\u00e9es (Tandem, Pri\u00e8re d\u2019enqu\u00eater, <a href=\"https:\/\/www.programme-tv.net\/news\/series-tv\/326451-demain-nous-appartient-ingrid-chauvin-chloe-et-enzo-rose-le-jeune-inconnu-se-connaissent-bien\/\" data-api-deeplink=\"teleloisirs:\/\/news\/326451\" rel=\"nofollow noopener\" target=\"_blank\">Jos\u00e9phine, ange gardien<\/a>). Depuis 2023, il incarne Diego Lutti dans Demain nous appartient, un jeune homme amn\u00e9sique pris en charge par Chlo\u00e9 Delcourt. Un r\u00f4le qui lui a permis d&rsquo;avoir <a href=\"https:\/\/www.programme-tv.net\/news\/series-tv\/327041-demain-nous-appartient-cest-une-personne-en-or-enzo-rose-diego-se-confie-sur-sa-relation-particuliere-avec-ingrid-chauvin-chloe\/\" data-api-deeplink=\"teleloisirs:\/\/news\/327041\" rel=\"nofollow noopener\" target=\"_blank\">un lien sp\u00e9cial avec Ingrid Chauvin<\/a>. \u00ab\u00a0Elle est incroyable, je l&rsquo;adore. Quand on joue nos personnages, il y a une fusion qui se cr\u00e9e automatiquement. On a la m\u00eame passion pour faire ressentir et vivre \u00e0 fond nos personnages. Tout s&rsquo;est fait tout en douceur et instinctivement en nous. Notre alchimie s&rsquo;est faite tr\u00e8s naturellement\u00a0\u00bb, d\u00e9clarait l&rsquo;acteur au moment de son arriv\u00e9e dans la s\u00e9rie de TF1.<\/p>\n<p>Demain nous appartient : Enzo Rose a \u00e9t\u00e9 absent de la s\u00e9rie de TF1 pendant plusieurs mois<\/p>\n<p>Pendant plusieurs mois, son personnage, en couple avec Maud (<a href=\"https:\/\/www.programme-tv.net\/biographie\/241439-dutheil-sixtine\/\" data-link-people=\"58f50905-b7a9-4171-812f-333169ab5727\" rel=\"nofollow noopener\" target=\"_blank\">Sixtine Dutheil<\/a>), avait disparu des \u00e9crans. Il a fait son retour lors du 2000e \u00e9pisode de Demain nous appartient dans lequel il assistait \u00e0 la f\u00eate organis\u00e9e par Sylvain (Arnaud Henriet) et Bruno (Kevin Levy) pour Chlo\u00e9 et Alex (<a href=\"https:\/\/www.programme-tv.net\/biographie\/6091-brasseur-alexandre\/\" data-link-people=\"40ebf44f-a60a-4958-b1be-bd277a9a6c0e\" rel=\"nofollow noopener\" target=\"_blank\">Alexandre Brasseur<\/a>). Il \u00e9tait \u00e9galement pr\u00e9sent dans <a href=\"https:\/\/www.programme-tv.net\/news\/series-tv\/384909-demain-nous-appartient-en-avance-fred-est-sain-et-sauf-ludo-est-le-tueur-en-serie-le-resume-de-l-episode-2006-du-lundi-11-aout-2025\/\" data-api-deeplink=\"teleloisirs:\/\/news\/384909\" rel=\"nofollow noopener\" target=\"_blank\">l&rsquo;\u00e9pisode 2006 du lundi 11 ao\u00fbt 2025<\/a> sur TF1. Alors que le tueur en s\u00e9rie courait toujours, Chlo\u00e9 s&rsquo;inqui\u00e9tait pour Diego. Ce dernier retrouvait Maud, et ensemble, ils surprenaient un individu au comportement suspect, en pleins pr\u00e9paratifs au-dessus d&rsquo;une boutique. Ils d\u00e9cidaient alors de pr\u00e9venir la police. Mais pourquoi Enzo Rose s&rsquo;est-il absent\u00e9 du feuilleton quotidien de TF1 ? Form\u00e9 au Cours Florent, l&rsquo;acteur a rejoint la s\u00e9rie historique Encha\u00een\u00e9s pour France 2. Le tournage s&rsquo;est d\u00e9roul\u00e9 du 18 mars au 6 juin 2025 \u00e0\u00a0La R\u00e9union.<\/p>\n<p>                        Demain nous appartient : Enzo Rose a tourn\u00e9 la s\u00e9rie historique Encha\u00een\u00e9s pour France 2<\/p>\n<p>Il tient l&rsquo;un des premiers r\u00f4les de cette s\u00e9rie en six \u00e9pisodes qui se d\u00e9roule en 1806, sur l\u2019\u00eele de La R\u00e9union. Le pitch ? Un cyclone ravage la plantation de Charles Bellevue. Ruin\u00e9, celui-ci doit se r\u00e9soudre \u00e0 vendre ses terres. Ses esclaves craignent alors d\u2019\u00eatre dispers\u00e9s. Parmi eux, Isaac refuse la fatalit\u00e9 : il vient de d\u00e9couvrir que Charles Bellevue est non seulement son ma\u00eetre\u2026 mais aussi son p\u00e8re.<\/p>\n","protected":false},"excerpt":{"rendered":"Apr\u00e8s un passage dans Un si grand soleil, Enzo Rose brille aujourd\u2019hui dans Demain nous appartient o\u00f9 il&hellip;\n","protected":false},"author":2,"featured_media":315192,"comment_status":"","ping_status":"","sticky":false,"template":"","format":"standard","meta":{"footnotes":""},"categories":[1356],"tags":[244,3598,58,59,10063,1011,27,34819,2173,12660,252,199,12663,12661,1364],"class_list":{"0":"post-315191","1":"post","2":"type-post","3":"status-publish","4":"format-standard","5":"has-post-thumbnail","7":"category-television","8":"tag-commentaire","9":"tag-demain-nous-appartient","10":"tag-divertissement","11":"tag-entertainment","12":"tag-fact-checking","13":"tag-fr","14":"tag-france","15":"tag-ingrid-chauvin","16":"tag-interview","17":"tag-syndication","18":"tag-television","19":"tag-tf1","20":"tag-tl","21":"tag-tm","22":"tag-tv"},"share_on_mastodon":{"url":"https:\/\/pubeurope.com\/@fr\/115018853570409456","error":""},"_links":{"self":[{"href":"https:\/\/www.europesays.com\/fr\/wp-json\/wp\/v2\/posts\/315191","targetHints":{"allow":["GET"]}}],"collection":[{"href":"https:\/\/www.europesays.com\/fr\/wp-json\/wp\/v2\/posts"}],"about":[{"href":"https:\/\/www.europesays.com\/fr\/wp-json\/wp\/v2\/types\/post"}],"author":[{"embeddable":true,"href":"https:\/\/www.europesays.com\/fr\/wp-json\/wp\/v2\/users\/2"}],"replies":[{"embeddable":true,"href":"https:\/\/www.europesays.com\/fr\/wp-json\/wp\/v2\/comments?post=315191"}],"version-history":[{"count":0,"href":"https:\/\/www.europesays.com\/fr\/wp-json\/wp\/v2\/posts\/315191\/revisions"}],"wp:featuredmedia":[{"embeddable":true,"href":"https:\/\/www.europesays.com\/fr\/wp-json\/wp\/v2\/media\/315192"}],"wp:attachment":[{"href":"https:\/\/www.europesays.com\/fr\/wp-json\/wp\/v2\/media?parent=315191"}],"wp:term":[{"taxonomy":"category","embeddable":true,"href":"https:\/\/www.europesays.com\/fr\/wp-json\/wp\/v2\/categories?post=315191"},{"taxonomy":"post_tag","embeddable":true,"href":"https:\/\/www.europesays.com\/fr\/wp-json\/wp\/v2\/tags?post=315191"}],"curies":[{"name":"wp","href":"https:\/\/api.w.org\/{rel}","templated":true}]}}