{"id":315193,"date":"2025-08-13T01:26:15","date_gmt":"2025-08-13T01:26:15","guid":{"rendered":"https:\/\/www.europesays.com\/fr\/315193\/"},"modified":"2025-08-13T01:26:15","modified_gmt":"2025-08-13T01:26:15","slug":"sa-nouvelle-compagne-isaure-fait-encore-parler-delle","status":"publish","type":"post","link":"https:\/\/www.europesays.com\/fr\/315193\/","title":{"rendered":"sa nouvelle compagne Isaure fait encore parler d\u2019elle"},"content":{"rendered":"<p>Sous le ciel \u00e9toil\u00e9 de Ramatuelle, l\u2019amour s\u2019est fait entendre ce samedi 9 ao\u00fbt lors d\u2019un concert exceptionnel au th\u00e9\u00e2tre Verdure. Laurent Voulzy, accompagn\u00e9 de sa compagne Isaure Le Faou, a offert une prestation <strong>pleine de douceur, leurs regards complices<\/strong> captivant un public visiblement conquis. Invit\u00e9s pour c\u00e9l\u00e9brer les quarante ans du festival local, ils ont interpr\u00e9t\u00e9 ensemble deux chansons.<\/p>\n<p>L\u2019une est une cr\u00e9ation r\u00e9cente, sign\u00e9e par la talentueuse Bretonne de 44 ans. L\u2019autre est un classique tir\u00e9 du vaste r\u00e9pertoire du chanteur de 76 ans. Cette soir\u00e9e a r\u00e9v\u00e9l\u00e9 la belle harmonie artistique et personnelle du couple. Ils partagent une complicit\u00e9 \u00e0 la fois discr\u00e8te et profonde. Leur pr\u00e9sence sur sc\u00e8ne a renforc\u00e9<strong> l\u2019atmosph\u00e8re intime et magique de l\u2019\u00e9v\u00e9nement<\/strong>. Ce moment unique a profond\u00e9ment marqu\u00e9 les spectateurs pr\u00e9sents.<\/p>\n<p>Laurent Voulzy se confie sur sa compagne<\/p>\n<p>Comme l\u2019avait confi\u00e9 Laurent Voulzy \u00e0 Nice-Matin, sa compagne Isaure Le Faou a pris part \u00e0 la soir\u00e9e en interpr\u00e9tant deux morceaux. \u00ab\u00a0<strong>Elle va interpr\u00e9ter un titre dont elle a \u00e9crit les paroles<\/strong> et Michel Amsellem la musique\u00a0\u00bb, avait pr\u00e9cis\u00e9 le chanteur. Isaure a \u00e9galement partag\u00e9 un duo avec Laurent, reprenant un morceau de son r\u00e9pertoire personnel. Entre m\u00e9lodies d\u00e9licates et envol\u00e9es lumineuses, Laurent Voulzy a offert au public plusieurs de ses incontournables.<\/p>\n<p><a href=\"https:\/\/www.closermag.fr\/people\/laurent-voulzy-sa-nouvelle-compagne-isaure-fait-encore-parler-delle-3570789\" rel=\"nofollow noopener\" target=\"_blank\" data-ylk=\"slk:Lire la suite sur Closer;elm:context_link;itc:0;sec:content-canvas\" class=\"link \">Lire la suite sur Closer<\/a><\/p>\n<p><a href=\"https:\/\/www.closermag.fr\/royautes\/meghan-markle-premieres-images-de-la-saison-2-de-sa-serie-moquee-et-ca-ne-risque-pas-de-sarranger-3570866\" rel=\"nofollow noopener\" target=\"_blank\" data-ylk=\"slk:Meghan Markle : premi\u00e8res images de la saison 2 de sa s\u00e9rie moqu\u00e9e et \u00e7a ne risque pas de s\u2019arranger;elm:context_link;itc:0;sec:content-canvas\" class=\"link \">Meghan Markle : premi\u00e8res images de la saison 2 de sa s\u00e9rie moqu\u00e9e et \u00e7a ne risque pas de s\u2019arranger<\/a><br \/><a href=\"https:\/\/www.closermag.fr\/tv_tele_realite\/nagui-divague-et-choque-sur-cette-immense-star-de-la-chanson-elle-nest-plus-vierge-depuis-longtemps-3570853\" rel=\"nofollow noopener\" target=\"_blank\" data-ylk=\"slk:Nagui divague et choque sur cette immense star de la chanson : \u201celle n\u2019est plus vierge depuis longtemps !\u201d;elm:context_link;itc:0;sec:content-canvas\" class=\"link \">Nagui divague et choque sur cette immense star de la chanson : \u201celle n\u2019est plus vierge depuis longtemps !\u201d<\/a><br \/><a href=\"https:\/\/www.closermag.fr\/politique\/brigitte-macron-en-guerre-judiciaire-aux-usa-lombre-de-marion-marechal-le-pen-planerait-au-dessus-de-sa-tete-3570862\" rel=\"nofollow noopener\" target=\"_blank\" data-ylk=\"slk:Brigitte Macron en guerre judiciaire aux USA : l\u2019ombre de Marion Mar\u00e9chal Le Pen planerait au-dessus de sa t\u00eate\u2026;elm:context_link;itc:0;sec:content-canvas\" class=\"link \"> Brigitte Macron en guerre judiciaire aux USA : l\u2019ombre de Marion Mar\u00e9chal Le Pen planerait au-dessus de sa t\u00eate\u2026<\/a><br \/><a href=\"https:\/\/www.closermag.fr\/people\/mort-dalain-delon-douchy-bientot-vendu-par-anthony-alain-fabien-et-anouchka-ce-qui-se-tramerait-discretement-3570858\" rel=\"nofollow noopener\" target=\"_blank\" data-ylk=\"slk:Mort d\u2019Alain Delon : Douchy bient\u00f4t vendu par Anthony, Alain-Fabien et Anouchka ? Ce qui se tramerait discr\u00e8tement;elm:context_link;itc:0;sec:content-canvas\" class=\"link \">Mort d\u2019Alain Delon : Douchy bient\u00f4t vendu par Anthony, Alain-Fabien et Anouchka ? Ce qui se tramerait discr\u00e8tement<\/a><br \/><a href=\"https:\/\/www.closermag.fr\/vecu\/nouvelle-lune-du-23-aout-ces-trois-signes-vont-initier-un-nouveau-rythme-de-vie-plus-sain-3570854\" rel=\"nofollow noopener\" target=\"_blank\" data-ylk=\"slk:Nouvelle Lune du 23 ao\u00fbt : ces trois signes vont initier un nouveau rythme de vie plus sain;elm:context_link;itc:0;sec:content-canvas\" class=\"link \">Nouvelle Lune du 23 ao\u00fbt : ces trois signes vont initier un nouveau rythme de vie plus sain<\/a><\/p>\n","protected":false},"excerpt":{"rendered":"Sous le ciel \u00e9toil\u00e9 de Ramatuelle, l\u2019amour s\u2019est fait entendre ce samedi 9 ao\u00fbt lors d\u2019un concert exceptionnel&hellip;\n","protected":false},"author":2,"featured_media":315194,"comment_status":"","ping_status":"","sticky":false,"template":"","format":"standard","meta":{"footnotes":""},"categories":[1355],"tags":[16152,58,59,1011,27,45417,30386,1361,873,45418],"class_list":{"0":"post-315193","1":"post","2":"type-post","3":"status-publish","4":"format-standard","5":"has-post-thumbnail","7":"category-musique","8":"tag-compagne","9":"tag-divertissement","10":"tag-entertainment","11":"tag-fr","12":"tag-france","13":"tag-isaure","14":"tag-laurent-voulzy","15":"tag-music","16":"tag-musique","17":"tag-theatre-verdure"},"share_on_mastodon":{"url":"https:\/\/pubeurope.com\/@fr\/115018857390676112","error":""},"_links":{"self":[{"href":"https:\/\/www.europesays.com\/fr\/wp-json\/wp\/v2\/posts\/315193","targetHints":{"allow":["GET"]}}],"collection":[{"href":"https:\/\/www.europesays.com\/fr\/wp-json\/wp\/v2\/posts"}],"about":[{"href":"https:\/\/www.europesays.com\/fr\/wp-json\/wp\/v2\/types\/post"}],"author":[{"embeddable":true,"href":"https:\/\/www.europesays.com\/fr\/wp-json\/wp\/v2\/users\/2"}],"replies":[{"embeddable":true,"href":"https:\/\/www.europesays.com\/fr\/wp-json\/wp\/v2\/comments?post=315193"}],"version-history":[{"count":0,"href":"https:\/\/www.europesays.com\/fr\/wp-json\/wp\/v2\/posts\/315193\/revisions"}],"wp:featuredmedia":[{"embeddable":true,"href":"https:\/\/www.europesays.com\/fr\/wp-json\/wp\/v2\/media\/315194"}],"wp:attachment":[{"href":"https:\/\/www.europesays.com\/fr\/wp-json\/wp\/v2\/media?parent=315193"}],"wp:term":[{"taxonomy":"category","embeddable":true,"href":"https:\/\/www.europesays.com\/fr\/wp-json\/wp\/v2\/categories?post=315193"},{"taxonomy":"post_tag","embeddable":true,"href":"https:\/\/www.europesays.com\/fr\/wp-json\/wp\/v2\/tags?post=315193"}],"curies":[{"name":"wp","href":"https:\/\/api.w.org\/{rel}","templated":true}]}}